{"id":1049,"date":"2020-08-24T22:27:41","date_gmt":"2020-08-25T01:27:41","guid":{"rendered":"https:\/\/elcanillita.info\/press\/?p=1049"},"modified":"2020-09-08T06:07:32","modified_gmt":"2020-09-08T09:07:32","slug":"de-mozo-bar-vicepresidente","status":"publish","type":"post","link":"https:\/\/elcanillita.info\/press\/2020\/08\/24\/de-mozo-bar-vicepresidente\/","title":{"rendered":"De mozo de Bar a Vicepresidente"},"content":{"rendered":"\n<p>UE, 25.08.2020 &#8211; El pasado viernes, la agencia argentina T\u00e9lam, reportaba la siguiente noticia:<\/p>\n\n\n\n<p><img decoding=\"async\" src=\"https:\/\/elcanillita.info\/press\/images\/2020\/08\/correagev.jpg\"><small>En Genova, en el a\u00f1o 2014, viene reconocido a Correa un doctorado por su compromiso de generar empleo, reducir la pobreza y la desigualdad en Ecuador<\/small><\/p>\n\n\n\n<p><strong>Designan a Correa como candidato a vicepresidente de Ecuador para las elecciones de 2021<\/strong><\/p>\n\n\n\n<p><em>El movimiento &#8220;Centro Democr\u00e1tico de Ecuador&#8221; design\u00f3 este s\u00e1bado de forma oficial al expresidente Rafael Correa (2007-2017) como candidato a vicepresidente y a Andr\u00e9s Arauz para la presidencia, con miras a los comicios del 7 de Febrero pr\u00f3ximo.<\/em><\/p>\n\n\n\n<p><strong>La nota, reporta<\/strong>:  <em>El ex<\/em>&#8211;<em>mandatario, est\u00e1 imputado en Ecuador con causas por corrupci\u00f3n en el pa\u00eds,  Correa emiti\u00f3 un video que grab\u00f3 en Bruselas, donde afirm\u00f3 que para ayudar a Ecuador, est\u00e1 dispuesto a &#8220;servir el caf\u00e9 o como vicepresidente&#8221;<\/em>&#8230; <br><em>\u2026 en el pa\u00eds &#8220;van a tratar de impedir&#8221; su participaci\u00f3n en la contienda electoral.<\/em><\/p>\n\n\n\n<p>Evidentemente ese &#8220;grupo pol\u00edtico correista de democracia Interna&#8221;, que celebr\u00f3 virtualmente la participaci\u00f3n representativa de su Jefe emboscado en Bruselas, desemejante a cuanto afirman, sostiene sus propios intereses y no la necesidad de progreso de la sociedad ecuatoriana.<\/p>\n\n\n\n<p><strong>Y el historial de los medios, relativa a Rafael Vicente Correa Delgado<\/strong> <strong>reafirma los hechos<\/strong><\/p>\n\n\n\n<p>Correa fue muy cr\u00edtico con la prensa ecuatoriana, al se\u00f1alar que &#8220;<em>no informa, defiende los bolsillos de sus due\u00f1os<\/em>&#8220;. Acusando a la prensa de mentir y difamarlo, propuso una ley que prohibir\u00eda a quienes trabajan en el sector financiero, financiar los medios de comunicaci\u00f3n. Parafraseando a Tony Blair, afirm\u00f3 que la prensa ecuatoriana actu\u00f3 como &#8220;<em>un grupo de fieras<\/em>&#8220;. <br><br>Tambi\u00e9n lo han criticado regularmente como &#8220;\u2026<em> mediocre, incompetente, inexacto, mentiroso y es parte de la estructura de corrupci\u00f3n y c\u00f3mplice del desastre nacional<\/em>&#8220;. Tras el intento de golpe de Estado venezolano de 2002, Correa afirm\u00f3 que cerrar\u00eda cualquier medio de comunicaci\u00f3n ecuatoriano que llamara a un golpe de Estado contra su gobierno.<\/p>\n\n\n\n<p>Correa ha criticado a varios peri\u00f3dicos como El Universo, El Comercio, Diario Hoy, Diario Expreso, La Hora, calific\u00e1ndolos de &#8220;mafias noticiosas&#8221; por criticar el fallo del Tribunal Electoral que priv\u00f3 a 57 legisladores opositores de sus esca\u00f1os en el Congreso. Correa argument\u00f3 que la prensa hab\u00eda guardado silencio sobre los atracos ocurridos en empresas estatales como Pacifictel y la Administraci\u00f3n de Aduanas del Ecuador (CAE).<\/p>\n\n\n\n<p>El 10 de Mayo de 2007, Correa present\u00f3 una demanda contra Francisco Vivanco Riofr\u00edo, del directorio del peri\u00f3dico La Hora, con sede en Quito, por un editorial publicado en el peri\u00f3dico el 9 de Marzo. <br>El editorial, titulado &#8220;Vandalismo oficial&#8221;, dec\u00eda que Correa pretend\u00eda gobernar Ecuador &#8220;con tumulto, piedras y palos&#8221;. Calific\u00f3 el comportamiento del presidente como &#8220;vergonzoso&#8221;. La demanda de Correa se bas\u00f3 en el art\u00edculo 230 del c\u00f3digo penal del pa\u00eds que establece penas de prisi\u00f3n de hasta dos a\u00f1os por desacato, expresado en &#8220;amenazas o calumnias que ofendan al presidente&#8221;.<\/p>\n\n\n\n<p>La Asociaci\u00f3n Interamericana de Prensa (SIP) ha declarado que es &#8220;un paso torpe del presidente ecuatoriano presentar una acusaci\u00f3n penal contra un medio de comunicaci\u00f3n, acus\u00e1ndolo de desacato, un concepto arcaico en una democracia moderna y anticuado en Am\u00e9rica Latina&#8221; y que debe ser eliminada de los c\u00f3digos penales, como viene insistiendo la SIP &#8220;.<\/p>\n\n\n\n<p>El Comit\u00e9 para la Protecci\u00f3n de Periodistas tambi\u00e9n ha protestado contra la demanda:&#8221; El temor a sanciones penales inhibir\u00e1 a la prensa ecuatoriana para informar y comentar sobre temas de inter\u00e9s p\u00fablico. Hacemos un llamado al presidente Correa para que retire la demanda por difamaci\u00f3n contra Vivanco y derogue las leyes de difamaci\u00f3n que contradicen los est\u00e1ndares internacionales sobre libertad de expresi\u00f3n \u201d.<\/p>\n\n\n\n<p>Tras su elecci\u00f3n, Correa inici\u00f3 un programa de radio semanal los s\u00e1bados, &#8220;<em>El presidente habla con su pueblo<\/em>&#8220;, en el que analizaba los acontecimientos de la semana y respond\u00eda preguntas de los periodistas. En agosto de 2007 firm\u00f3 a Ecuador con TeleSUR, el servicio de medios panlatinoamericano. Correa decidi\u00f3 crear Ecuador TV, el primer canal estatal del pa\u00eds, con la anunciada intenci\u00f3n de producir televisi\u00f3n con mejores est\u00e1ndares de calidad que los canales privados. Asimismo, compr\u00f3 el diario El Tel\u00e9grafo y pas\u00f3 a ser de propiedad estatal. Radio P\u00fablica, El Ciudadano, ANDES y PP tambi\u00e9n fueron creados bajo la presidencia de Correa y son administrados por agencias estatales.<\/p>\n\n\n\n<p>Correa tambi\u00e9n ha revelado las identidades reales de varios de sus cr\u00edticos en las redes sociales, lo que ha llevado a que las personas involucradas sean acosadas. El 1 de Mayo de 2015, Correa detuvo su caravana en el centro de Quito para reprender al adolescente de 17 a\u00f1os Luis Carrera, despu\u00e9s de que vio que Carrera le hac\u00eda el gesto con el dedo medio a Correa.<br>Posteriormente Carrera fue condenado a 20 horas de servicio comunitario.<\/p>\n\n\n\n<p><strong>Edward Snowden<\/strong><\/p>\n\n\n\n<p>En Junio de 2013, el senador estadounidense Robert Men\u00e9ndez, presidente del panel de relaciones exteriores, advirti\u00f3 a Ecuador que aceptar al filtrador de PRISM Edward Snowden &#8220;pondr\u00eda en grave peligro&#8221; el acceso comercial preferencial que Estados Unidos brinda a Ecuador. &#8220;Nuestro gobierno no recompensar\u00e1 a los pa\u00edses por su mal comportamiento&#8221;.<\/p>\n\n\n\n<p>El presidente Correa respondi\u00f3 ofreciendo una donaci\u00f3n multimillonaria para capacitaci\u00f3n en derechos humanos en Estados Unidos. \u201cEcuador ofrece a Estados Unidos una ayuda econ\u00f3mica de US $ 23 millones anuales, similar a lo que recibimos con los beneficios comerciales, con la intenci\u00f3n de brindar educaci\u00f3n en derechos humanos\u201d, dijo un vocero del gobierno. \u201cEcuador no acepta presiones ni amenazas de nadie , ni comercia con principios ni los somete a intereses mercantiles, por importantes que sean &#8220;.<\/p>\n\n\n\n<p>Ecuador, que originalmente hab\u00eda ofrecido a Snowden un documento de viaje temporal, lo retir\u00f3 porque no cumpl\u00eda con los requisitos de estar en una embajada ecuatoriana en ese momento.<br>El presidente Correa dijo que la decisi\u00f3n de emitirla fue &#8220;un error&#8221;.<\/p>\n\n\n\n<p><strong>Esc\u00e1ndalo de Odebrecht<\/strong><\/p>\n\n\n\n<p>El gobierno ecuatoriano contin\u00faa investigando las denuncias de corrupci\u00f3n en el pa\u00eds por parte de la mayor empresa constructora de Brasil. Funcionarios ecuatorianos anunciaron que la constructora brasile\u00f1a Odebrecht no podr\u00e1 firmar ning\u00fan contrato futuro con instituciones p\u00fablicas en el pa\u00eds sudamericano, ya que las autoridades contin\u00faan investigando presunta corrupci\u00f3n en sus operaciones.<\/p>\n\n\n\n<p>Correa recientemente se quej\u00f3 de que aunque hubo $ 33,5 millones en sobornos pagados en Ecuador, las personas involucradas en el caso siguen siendo desconocidas.<br>Algunos ecuatorianos se hab\u00edan desencantado con la corrupci\u00f3n, as\u00ed como con el comportamiento de confrontaci\u00f3n y polarizaci\u00f3n de Correa hacia los medios de comunicaci\u00f3n.<br>Sin embargo, seg\u00fan Transparencia Internacional, la corrupci\u00f3n disminuy\u00f3 durante el gobierno de Correa.<\/p>\n\n\n\n<p><strong>2015 Protestas ecuatorianas<\/strong><\/p>\n\n\n\n<p>En 2014, los precios del crudo (principal exportaci\u00f3n del pa\u00eds) comenzaron a bajar, de $ 111 d\u00f3lares por barril en junio de 2014, a $ 50 d\u00f3lares por barril en marzo de 2015, lo que deterior\u00f3 r\u00e1pidamente el balance del gobierno. Con precios tan bajos, creci\u00f3 la especulaci\u00f3n negativa en torno a la econom\u00eda y el alto gasto del gobierno ya no era sostenible, Correa propuso aumentar los impuestos, sobre todo un aumento de hasta el 75% en la plusval\u00eda (Ley de Plusvalia), y un impuesto a las herencias desde el 2.5% hasta el 77.5% (el m\u00e1s alto para herencias superiores a $ 849.600 d\u00f3lares). Esto llev\u00f3 a las protestas ecuatorianas de 2015 alrededor de Quito. El PanAm Post inform\u00f3 que los manifestantes gritaban &#8220;fuera Correa, fuera&#8221;.<\/p>\n\n\n\n<p><strong>Acusaciones de secuestro<\/strong><\/p>\n\n\n\n<p>El 18 de Junio de 2018, el m\u00e1ximo tribunal de Ecuador orden\u00f3 que se incluyera al expresidente en una investigaci\u00f3n sobre un fallido secuestro en 2012 del legislador opositor Fernando Balda. Luego de que Correa ignor\u00f3 \u00f3rdenes judiciales y no ayud\u00f3 con la investigaci\u00f3n, un juez ecuatoriano orden\u00f3 su arresto el 3 de Julio de 2018. El juez alert\u00f3 a Interpol porque Correa viv\u00eda en B\u00e9lgica en ese momento con su esposa, quien era nativa de B\u00e9lgica. Correa neg\u00f3 las acusaciones en torno al secuestro. En julio de 2018, Interpol rechaz\u00f3 una orden de arresto emitida por Ecuador y la calific\u00f3 de &#8220;obviamente un asunto pol\u00edtico&#8221;.<\/p>\n\n\n\n<p><strong>Premio &#8220;Logro excepcional&#8221; de la Universidad de Illinois<\/strong><\/p>\n\n\n\n<p>En Abril de 2010, Correa recibi\u00f3 el premio Madhuri and Jagdish N. Sheth International Alumni Award for Exceptional Achievement Award de 2009 de la Universidad de llinois.<\/p>\n\n\n\n<p>Correa, quien obtuvo un doctorado en Econom\u00eda en la universidad en 2001, fue reconocido por su compromiso con el servicio p\u00fablico y su liderazgo en la implementaci\u00f3n del desarrollo econ\u00f3mico y las reformas pol\u00edticas en Ecuador. M\u00e1s tarde ese mes, Matt Lloyd, un graduado de la Universidad de Illinois que se convirti\u00f3 en empleado del Departamento de Estado de Estados Unidos, escribi\u00f3 un art\u00edculo de opini\u00f3n en el Chicago Tribune criticando a la universidad por otorgar el premio a Correa.<\/p>\n\n\n\n<p>Escribi\u00f3 que &#8220;Correa es un dictador que idolatra al presidente venezolano Hugo Ch\u00e1vez. De hecho, se le ha citado diciendo que prefer\u00eda &#8216;mil veces&#8217; ser amigo de Fidel Castro y Ch\u00e1vez que aliado de Estados Unidos&#8221;. Tambi\u00e9n escribi\u00f3 que &#8220;Correa est\u00e1 aliado con las FARC, designado como organizaci\u00f3n terrorista por el Departamento de Estado de los Estados Unidos.<\/p>\n\n\n\n<p>Se sabe que las FARC secuestran y matan a estadounidenses&#8221;. La Universidad recibi\u00f3 m\u00e1s cr\u00edticas en un art\u00edculo de Julio de 2019 en el Chambana Sun por no retirar el premio en el per\u00edodo intermedio.<\/p>\n\n\n\n<p><strong>Imagen p\u00fablica y vida personal <\/strong><\/p>\n\n\n\n<p>Seg\u00fan los Cedatos, Correa comenz\u00f3 su presidencia con un \u00edndice de aprobaci\u00f3n del 73 por ciento. Una encuesta de opini\u00f3n realizada por Perfiles de Opini\u00f3n en las ciudades de Quito y Guayaquil, en Marzo de 2012, indica que el 80,5% de los entrevistados califica como positiva la gesti\u00f3n del presidente Correa. Seg\u00fan Mitofsky de Abril de 2012, en cuanto a la &#8220;aprobaci\u00f3n de los l\u00edderes de Am\u00e9rica y del mundo&#8221;, el presidente Correa posee una excelente evaluaci\u00f3n. Su popularidad incluso aument\u00f3 del 75% al 81% desde Agosto de 2011 hasta Enero de 2012. Seg\u00fan el Mitofsky de Abril de 2013, en cuanto a la &#8220;aprobaci\u00f3n de los l\u00edderes de Am\u00e9rica y del mundo&#8221;, el presidente Correa pose\u00eda una valoraci\u00f3n positiva del 90% .<br>Sin embargo, su imagen p\u00fablica en Ecuador se deterior\u00f3 mucho despu\u00e9s de varias regulaciones controvertidas durante sus \u00faltimos a\u00f1os como presidente.<\/p>\n\n\n\n<p>Los \u00edndices de aprobaci\u00f3n de Rafael Correa bajaron del 60% en Enero de 2015 al 45% en Julio de 2015.<\/p>\n\n\n\n<p>Correa es cat\u00f3lico y, mientras era presidente, mantuvo una fotograf\u00eda del Papa en su escritorio<\/p>\n\n\n\n<p><strong>Ideolog\u00eda pol\u00edtica<\/strong><\/p>\n\n\n\n<p>Correa se describe a s\u00ed mismo como un defensor del &#8220;socialismo del siglo XXI&#8221;, un t\u00e9rmino que se refiere a una forma de socialismo democr\u00e1tico utilizado anteriormente por Hugo Ch\u00e1vez de Venezuela. The Economist describi\u00f3 a Correa como &#8220;un populista de izquierda&#8221;, mientras que The Washington Post ha caracterizado el enfoque ideol\u00f3gico de Correa como &#8220;econ\u00f3micamente populista, socialmente conservador y cuasiautoritario&#8221;. Los estudiosos de la ciencia pol\u00edtica George Philip y Francisco Panizza afirmaron que, al igual que sus aliados Morales y Ch\u00e1vez, Correa debe ser catalogado como populista, porque apelaba &#8220;directamente al pueblo contra el orden pol\u00edtico y econ\u00f3mico de sus pa\u00edses, divid\u00eda la sociedad campo en campos antag\u00f3nicos y prometi\u00f3 redistribuci\u00f3n y reconocimiento en un orden pol\u00edtico reci\u00e9n fundado &#8220;.<\/p>\n\n\n\n<p>Las acciones de Correa frente a las comunidades ind\u00edgenas, sin embargo, no fueron populistas. Para proteger los intereses mineros chinos, las tierras shuar quedaron ocupadas por 8.000 efectivos militares (tropas marinas, a\u00e9reas y terrestres) equipados con cuatro tanques de guerra, drones de vigilancia, globos aerost\u00e1ticos, sat\u00e9lites m\u00f3viles y elic\u00f3pteros artillados.<br><br><small>Fuente: Telam &#8211; SalaStampaEu &#8211; ElCanillita.Info &#8211;  Informaci\u00f3n de dominio p\u00fablico<\/small>  <\/p>\n","protected":false},"excerpt":{"rendered":"<p>UE, 25.08.2020 &#8211; El movimiento &#8220;Centro Democr\u00e1tico de Ecuador&#8221; design\u00f3 este s\u00e1bado de forma oficial al expresidente Rafael Correa (2007-2017) como candidato a vicepresidente y a Andr\u00e9s Arauz para la presidencia, con miras a los comicios del 7 de Febrero pr\u00f3ximo.<\/p>\n","protected":false},"author":1,"featured_media":1050,"comment_status":"closed","ping_status":"closed","sticky":false,"template":"","format":"standard","meta":{"footnotes":"","_links_to":"","_links_to_target":""},"categories":[11],"tags":[53],"class_list":["post-1049","post","type-post","status-publish","format-standard","has-post-thumbnail","hentry","category-america-del-sur","tag-ecuador","entry","double"],"yoast_head":"<!-- This site is optimized with the Yoast SEO plugin v27.4 - https:\/\/yoast.com\/product\/yoast-seo-wordpress\/ -->\n<title>De mozo de Bar a Vicepresidente - ElCanillita.Info<\/title>\n<meta name=\"robots\" content=\"index, follow, max-snippet:-1, max-image-preview:large, max-video-preview:-1\" \/>\n<link rel=\"canonical\" href=\"https:\/\/elcanillita.info\/press\/2020\/08\/24\/de-mozo-bar-vicepresidente\/\" \/>\n<meta property=\"og:locale\" content=\"es_ES\" \/>\n<meta property=\"og:type\" content=\"article\" \/>\n<meta property=\"og:title\" content=\"De mozo de Bar a Vicepresidente - ElCanillita.Info\" \/>\n<meta property=\"og:description\" content=\"UE, 25.08.2020 - El movimiento &quot;Centro Democr\u00e1tico de Ecuador&quot; design\u00f3 este s\u00e1bado de forma oficial al expresidente Rafael Correa (2007-2017) como candidato a vicepresidente y a Andr\u00e9s Arauz para la presidencia, con miras a los comicios del 7 de Febrero pr\u00f3ximo.\" \/>\n<meta property=\"og:url\" content=\"https:\/\/elcanillita.info\/press\/2020\/08\/24\/de-mozo-bar-vicepresidente\/\" \/>\n<meta property=\"og:site_name\" content=\"ElCanillita.Info\" \/>\n<meta property=\"article:publisher\" content=\"https:\/\/ar-ar.facebook.com\/ElCanillitainfo-114249515285712\/\" \/>\n<meta property=\"article:published_time\" content=\"2020-08-25T01:27:41+00:00\" \/>\n<meta property=\"article:modified_time\" content=\"2020-09-08T09:07:32+00:00\" \/>\n<meta property=\"og:image\" content=\"https:\/\/elcanillita.info\/press\/images\/2020\/08\/correagev-1.jpg\" \/>\n\t<meta property=\"og:image:width\" content=\"600\" \/>\n\t<meta property=\"og:image:height\" content=\"436\" \/>\n\t<meta property=\"og:image:type\" content=\"image\/jpeg\" \/>\n<meta name=\"author\" content=\"SalaStampa.eu, world press service\" \/>\n<meta name=\"twitter:card\" content=\"summary_large_image\" \/>\n<meta name=\"twitter:label1\" content=\"Escrito por\" \/>\n\t<meta name=\"twitter:data1\" content=\"SalaStampa.eu, world press service\" \/>\n\t<meta name=\"twitter:label2\" content=\"Tiempo de lectura\" \/>\n\t<meta name=\"twitter:data2\" content=\"10 minutos\" \/>\n<script type=\"application\/ld+json\" class=\"yoast-schema-graph\">{\"@context\":\"https:\\\/\\\/schema.org\",\"@graph\":[{\"@type\":\"Article\",\"@id\":\"https:\\\/\\\/elcanillita.info\\\/press\\\/2020\\\/08\\\/24\\\/de-mozo-bar-vicepresidente\\\/#article\",\"isPartOf\":{\"@id\":\"https:\\\/\\\/elcanillita.info\\\/press\\\/2020\\\/08\\\/24\\\/de-mozo-bar-vicepresidente\\\/\"},\"author\":{\"name\":\"SalaStampa.eu, world press service\",\"@id\":\"https:\\\/\\\/elcanillita.info\\\/press\\\/#\\\/schema\\\/person\\\/7fcb79f38045700919f7da6d97e71ba0\"},\"headline\":\"De mozo de Bar a Vicepresidente\",\"datePublished\":\"2020-08-25T01:27:41+00:00\",\"dateModified\":\"2020-09-08T09:07:32+00:00\",\"mainEntityOfPage\":{\"@id\":\"https:\\\/\\\/elcanillita.info\\\/press\\\/2020\\\/08\\\/24\\\/de-mozo-bar-vicepresidente\\\/\"},\"wordCount\":1993,\"publisher\":{\"@id\":\"https:\\\/\\\/elcanillita.info\\\/press\\\/#organization\"},\"image\":{\"@id\":\"https:\\\/\\\/elcanillita.info\\\/press\\\/2020\\\/08\\\/24\\\/de-mozo-bar-vicepresidente\\\/#primaryimage\"},\"thumbnailUrl\":\"https:\\\/\\\/elcanillita.info\\\/press\\\/images\\\/2020\\\/08\\\/correagev-1.jpg\",\"keywords\":[\"Ecuador\"],\"articleSection\":[\"Am\u00e9rica del Sur\"],\"inLanguage\":\"es-AR\"},{\"@type\":\"WebPage\",\"@id\":\"https:\\\/\\\/elcanillita.info\\\/press\\\/2020\\\/08\\\/24\\\/de-mozo-bar-vicepresidente\\\/\",\"url\":\"https:\\\/\\\/elcanillita.info\\\/press\\\/2020\\\/08\\\/24\\\/de-mozo-bar-vicepresidente\\\/\",\"name\":\"De mozo de Bar a Vicepresidente - ElCanillita.Info\",\"isPartOf\":{\"@id\":\"https:\\\/\\\/elcanillita.info\\\/press\\\/#website\"},\"primaryImageOfPage\":{\"@id\":\"https:\\\/\\\/elcanillita.info\\\/press\\\/2020\\\/08\\\/24\\\/de-mozo-bar-vicepresidente\\\/#primaryimage\"},\"image\":{\"@id\":\"https:\\\/\\\/elcanillita.info\\\/press\\\/2020\\\/08\\\/24\\\/de-mozo-bar-vicepresidente\\\/#primaryimage\"},\"thumbnailUrl\":\"https:\\\/\\\/elcanillita.info\\\/press\\\/images\\\/2020\\\/08\\\/correagev-1.jpg\",\"datePublished\":\"2020-08-25T01:27:41+00:00\",\"dateModified\":\"2020-09-08T09:07:32+00:00\",\"inLanguage\":\"es-AR\",\"potentialAction\":[{\"@type\":\"ReadAction\",\"target\":[\"https:\\\/\\\/elcanillita.info\\\/press\\\/2020\\\/08\\\/24\\\/de-mozo-bar-vicepresidente\\\/\"]}]},{\"@type\":\"ImageObject\",\"inLanguage\":\"es-AR\",\"@id\":\"https:\\\/\\\/elcanillita.info\\\/press\\\/2020\\\/08\\\/24\\\/de-mozo-bar-vicepresidente\\\/#primaryimage\",\"url\":\"https:\\\/\\\/elcanillita.info\\\/press\\\/images\\\/2020\\\/08\\\/correagev-1.jpg\",\"contentUrl\":\"https:\\\/\\\/elcanillita.info\\\/press\\\/images\\\/2020\\\/08\\\/correagev-1.jpg\",\"width\":600,\"height\":436},{\"@type\":\"WebSite\",\"@id\":\"https:\\\/\\\/elcanillita.info\\\/press\\\/#website\",\"url\":\"https:\\\/\\\/elcanillita.info\\\/press\\\/\",\"name\":\"ElCanillita.Info\",\"description\":\"desde los Apeninos a los Andes\",\"publisher\":{\"@id\":\"https:\\\/\\\/elcanillita.info\\\/press\\\/#organization\"},\"potentialAction\":[{\"@type\":\"SearchAction\",\"target\":{\"@type\":\"EntryPoint\",\"urlTemplate\":\"https:\\\/\\\/elcanillita.info\\\/press\\\/?s={search_term_string}\"},\"query-input\":{\"@type\":\"PropertyValueSpecification\",\"valueRequired\":true,\"valueName\":\"search_term_string\"}}],\"inLanguage\":\"es-AR\"},{\"@type\":\"Organization\",\"@id\":\"https:\\\/\\\/elcanillita.info\\\/press\\\/#organization\",\"name\":\"Guzzo Photos & Graphic Publications\",\"url\":\"https:\\\/\\\/elcanillita.info\\\/press\\\/\",\"logo\":{\"@type\":\"ImageObject\",\"inLanguage\":\"es-AR\",\"@id\":\"https:\\\/\\\/elcanillita.info\\\/press\\\/#\\\/schema\\\/logo\\\/image\\\/\",\"url\":\"https:\\\/\\\/elcanillita.info\\\/press\\\/images\\\/2020\\\/01\\\/cropped-cropped-cropped-elcanillitainfo.png\",\"contentUrl\":\"https:\\\/\\\/elcanillita.info\\\/press\\\/images\\\/2020\\\/01\\\/cropped-cropped-cropped-elcanillitainfo.png\",\"width\":460,\"height\":50,\"caption\":\"Guzzo Photos & Graphic Publications\"},\"image\":{\"@id\":\"https:\\\/\\\/elcanillita.info\\\/press\\\/#\\\/schema\\\/logo\\\/image\\\/\"},\"sameAs\":[\"https:\\\/\\\/ar-ar.facebook.com\\\/ElCanillitainfo-114249515285712\\\/\"]},{\"@type\":\"Person\",\"@id\":\"https:\\\/\\\/elcanillita.info\\\/press\\\/#\\\/schema\\\/person\\\/7fcb79f38045700919f7da6d97e71ba0\",\"name\":\"SalaStampa.eu, world press service\",\"image\":{\"@type\":\"ImageObject\",\"inLanguage\":\"es-AR\",\"@id\":\"https:\\\/\\\/secure.gravatar.com\\\/avatar\\\/c2f0e0d515a107624234994507816ca4724c7199cef73fc8bedebf6931d73888?s=96&d=mm&r=g\",\"url\":\"https:\\\/\\\/secure.gravatar.com\\\/avatar\\\/c2f0e0d515a107624234994507816ca4724c7199cef73fc8bedebf6931d73888?s=96&d=mm&r=g\",\"contentUrl\":\"https:\\\/\\\/secure.gravatar.com\\\/avatar\\\/c2f0e0d515a107624234994507816ca4724c7199cef73fc8bedebf6931d73888?s=96&d=mm&r=g\",\"caption\":\"SalaStampa.eu, world press service\"}}]}<\/script>\n<!-- \/ Yoast SEO plugin. -->","yoast_head_json":{"title":"De mozo de Bar a Vicepresidente - ElCanillita.Info","robots":{"index":"index","follow":"follow","max-snippet":"max-snippet:-1","max-image-preview":"max-image-preview:large","max-video-preview":"max-video-preview:-1"},"canonical":"https:\/\/elcanillita.info\/press\/2020\/08\/24\/de-mozo-bar-vicepresidente\/","og_locale":"es_ES","og_type":"article","og_title":"De mozo de Bar a Vicepresidente - ElCanillita.Info","og_description":"UE, 25.08.2020 - El movimiento \"Centro Democr\u00e1tico de Ecuador\" design\u00f3 este s\u00e1bado de forma oficial al expresidente Rafael Correa (2007-2017) como candidato a vicepresidente y a Andr\u00e9s Arauz para la presidencia, con miras a los comicios del 7 de Febrero pr\u00f3ximo.","og_url":"https:\/\/elcanillita.info\/press\/2020\/08\/24\/de-mozo-bar-vicepresidente\/","og_site_name":"ElCanillita.Info","article_publisher":"https:\/\/ar-ar.facebook.com\/ElCanillitainfo-114249515285712\/","article_published_time":"2020-08-25T01:27:41+00:00","article_modified_time":"2020-09-08T09:07:32+00:00","og_image":[{"width":600,"height":436,"url":"https:\/\/elcanillita.info\/press\/images\/2020\/08\/correagev-1.jpg","type":"image\/jpeg"}],"author":"SalaStampa.eu, world press service","twitter_card":"summary_large_image","twitter_misc":{"Escrito por":"SalaStampa.eu, world press service","Tiempo de lectura":"10 minutos"},"schema":{"@context":"https:\/\/schema.org","@graph":[{"@type":"Article","@id":"https:\/\/elcanillita.info\/press\/2020\/08\/24\/de-mozo-bar-vicepresidente\/#article","isPartOf":{"@id":"https:\/\/elcanillita.info\/press\/2020\/08\/24\/de-mozo-bar-vicepresidente\/"},"author":{"name":"SalaStampa.eu, world press service","@id":"https:\/\/elcanillita.info\/press\/#\/schema\/person\/7fcb79f38045700919f7da6d97e71ba0"},"headline":"De mozo de Bar a Vicepresidente","datePublished":"2020-08-25T01:27:41+00:00","dateModified":"2020-09-08T09:07:32+00:00","mainEntityOfPage":{"@id":"https:\/\/elcanillita.info\/press\/2020\/08\/24\/de-mozo-bar-vicepresidente\/"},"wordCount":1993,"publisher":{"@id":"https:\/\/elcanillita.info\/press\/#organization"},"image":{"@id":"https:\/\/elcanillita.info\/press\/2020\/08\/24\/de-mozo-bar-vicepresidente\/#primaryimage"},"thumbnailUrl":"https:\/\/elcanillita.info\/press\/images\/2020\/08\/correagev-1.jpg","keywords":["Ecuador"],"articleSection":["Am\u00e9rica del Sur"],"inLanguage":"es-AR"},{"@type":"WebPage","@id":"https:\/\/elcanillita.info\/press\/2020\/08\/24\/de-mozo-bar-vicepresidente\/","url":"https:\/\/elcanillita.info\/press\/2020\/08\/24\/de-mozo-bar-vicepresidente\/","name":"De mozo de Bar a Vicepresidente - ElCanillita.Info","isPartOf":{"@id":"https:\/\/elcanillita.info\/press\/#website"},"primaryImageOfPage":{"@id":"https:\/\/elcanillita.info\/press\/2020\/08\/24\/de-mozo-bar-vicepresidente\/#primaryimage"},"image":{"@id":"https:\/\/elcanillita.info\/press\/2020\/08\/24\/de-mozo-bar-vicepresidente\/#primaryimage"},"thumbnailUrl":"https:\/\/elcanillita.info\/press\/images\/2020\/08\/correagev-1.jpg","datePublished":"2020-08-25T01:27:41+00:00","dateModified":"2020-09-08T09:07:32+00:00","inLanguage":"es-AR","potentialAction":[{"@type":"ReadAction","target":["https:\/\/elcanillita.info\/press\/2020\/08\/24\/de-mozo-bar-vicepresidente\/"]}]},{"@type":"ImageObject","inLanguage":"es-AR","@id":"https:\/\/elcanillita.info\/press\/2020\/08\/24\/de-mozo-bar-vicepresidente\/#primaryimage","url":"https:\/\/elcanillita.info\/press\/images\/2020\/08\/correagev-1.jpg","contentUrl":"https:\/\/elcanillita.info\/press\/images\/2020\/08\/correagev-1.jpg","width":600,"height":436},{"@type":"WebSite","@id":"https:\/\/elcanillita.info\/press\/#website","url":"https:\/\/elcanillita.info\/press\/","name":"ElCanillita.Info","description":"desde los Apeninos a los Andes","publisher":{"@id":"https:\/\/elcanillita.info\/press\/#organization"},"potentialAction":[{"@type":"SearchAction","target":{"@type":"EntryPoint","urlTemplate":"https:\/\/elcanillita.info\/press\/?s={search_term_string}"},"query-input":{"@type":"PropertyValueSpecification","valueRequired":true,"valueName":"search_term_string"}}],"inLanguage":"es-AR"},{"@type":"Organization","@id":"https:\/\/elcanillita.info\/press\/#organization","name":"Guzzo Photos & Graphic Publications","url":"https:\/\/elcanillita.info\/press\/","logo":{"@type":"ImageObject","inLanguage":"es-AR","@id":"https:\/\/elcanillita.info\/press\/#\/schema\/logo\/image\/","url":"https:\/\/elcanillita.info\/press\/images\/2020\/01\/cropped-cropped-cropped-elcanillitainfo.png","contentUrl":"https:\/\/elcanillita.info\/press\/images\/2020\/01\/cropped-cropped-cropped-elcanillitainfo.png","width":460,"height":50,"caption":"Guzzo Photos & Graphic Publications"},"image":{"@id":"https:\/\/elcanillita.info\/press\/#\/schema\/logo\/image\/"},"sameAs":["https:\/\/ar-ar.facebook.com\/ElCanillitainfo-114249515285712\/"]},{"@type":"Person","@id":"https:\/\/elcanillita.info\/press\/#\/schema\/person\/7fcb79f38045700919f7da6d97e71ba0","name":"SalaStampa.eu, world press service","image":{"@type":"ImageObject","inLanguage":"es-AR","@id":"https:\/\/secure.gravatar.com\/avatar\/c2f0e0d515a107624234994507816ca4724c7199cef73fc8bedebf6931d73888?s=96&d=mm&r=g","url":"https:\/\/secure.gravatar.com\/avatar\/c2f0e0d515a107624234994507816ca4724c7199cef73fc8bedebf6931d73888?s=96&d=mm&r=g","contentUrl":"https:\/\/secure.gravatar.com\/avatar\/c2f0e0d515a107624234994507816ca4724c7199cef73fc8bedebf6931d73888?s=96&d=mm&r=g","caption":"SalaStampa.eu, world press service"}}]}},"views":819,"_links":{"self":[{"href":"https:\/\/elcanillita.info\/press\/wp-json\/wp\/v2\/posts\/1049","targetHints":{"allow":["GET"]}}],"collection":[{"href":"https:\/\/elcanillita.info\/press\/wp-json\/wp\/v2\/posts"}],"about":[{"href":"https:\/\/elcanillita.info\/press\/wp-json\/wp\/v2\/types\/post"}],"author":[{"embeddable":true,"href":"https:\/\/elcanillita.info\/press\/wp-json\/wp\/v2\/users\/1"}],"replies":[{"embeddable":true,"href":"https:\/\/elcanillita.info\/press\/wp-json\/wp\/v2\/comments?post=1049"}],"version-history":[{"count":0,"href":"https:\/\/elcanillita.info\/press\/wp-json\/wp\/v2\/posts\/1049\/revisions"}],"wp:featuredmedia":[{"embeddable":true,"href":"https:\/\/elcanillita.info\/press\/wp-json\/wp\/v2\/media\/1050"}],"wp:attachment":[{"href":"https:\/\/elcanillita.info\/press\/wp-json\/wp\/v2\/media?parent=1049"}],"wp:term":[{"taxonomy":"category","embeddable":true,"href":"https:\/\/elcanillita.info\/press\/wp-json\/wp\/v2\/categories?post=1049"},{"taxonomy":"post_tag","embeddable":true,"href":"https:\/\/elcanillita.info\/press\/wp-json\/wp\/v2\/tags?post=1049"}],"curies":[{"name":"wp","href":"https:\/\/api.w.org\/{rel}","templated":true}]}}