{"id":1039,"date":"2020-08-20T22:03:07","date_gmt":"2020-08-21T01:03:07","guid":{"rendered":"https:\/\/elcanillita.info\/press\/?p=1039"},"modified":"2020-09-08T06:07:58","modified_gmt":"2020-09-08T09:07:58","slug":"alexei-navalny-lider-oposicion-rusa-envenenado-coma","status":"publish","type":"post","link":"https:\/\/elcanillita.info\/press\/2020\/08\/20\/alexei-navalny-lider-oposicion-rusa-envenenado-coma\/","title":{"rendered":"Alexei Navalny: e l\u00edder de la oposici\u00f3n rusa, ha sido &#8216;envenenado&#8217; y est\u00e1 en coma"},"content":{"rendered":"\n<figure class=\"wp-block-image\"><img decoding=\"async\" src=\"https:\/\/elcanillita.info\/press\/images\/2020\/08\/alexei.jpg\" alt=\"\"\/><\/figure>\n\n\n\n<p>Omsk, 21.08.2020 &#8211; El lider de la oposici\u00f3n rusa Alexei Navalny est\u00e1 inconsciente en el hospital y sufre un presunto envenenamiento, dijo su portavoz. El activista anticorrupci\u00f3n cay\u00f3 enfermo durante un vuelo y el avi\u00f3n hizo un aterrizaje de emergencia en Omsk, donde los m\u00e9dicos dijeron que estaba en coma y estaban tratando de salvarle la vida.<\/p>\n\n\n\n<p>Su equipo sospecha que le pusieron algo en el t\u00e9 en un bar del aeropuerto.<\/p>\n\n\n\n<p>El Kremlin dijo que deseaba al Sr. Navalny una &#8220;pronta recuperaci\u00f3n&#8221;.<\/p>\n\n\n\n<p>Navalny, de 44 a\u00f1os, ha estado durante a\u00f1os entre los cr\u00edticos m\u00e1s ac\u00e9rrimos del presidente Vladimir Putin.<\/p>\n\n\n\n<p>En junio, describi\u00f3 una votaci\u00f3n sobre reformas constitucionales como un &#8220;golpe&#8221; y una &#8220;violaci\u00f3n de la constituci\u00f3n&#8221;. Las reformas permiten a Putin cumplir otros dos mandatos, despu\u00e9s de los cuatro mandatos que ya ha tenido.<\/p>\n\n\n\n<p>El secretario de Relaciones Exteriores brit\u00e1nico, Dominic Raab, dijo que estaba &#8220;profundamente preocupado&#8221; por los informes de que Navalny hab\u00eda sido envenenado, y envi\u00f3 sus pensamientos a \u00e9l ya su familia.<\/p>\n\n\n\n<p><strong>\u00bfQu\u00e9 ha dicho la portavoz?<\/strong><\/p>\n\n\n\n<p>Kira Yarmysh, secretaria de prensa de la Fundaci\u00f3n Anticorrupci\u00f3n, que el Sr. Navalny fund\u00f3 en 2011, tuite\u00f3: &#8220;Esta ma\u00f1ana Navalny regresaba a Mosc\u00fa desde Tomsk.<\/p>\n\n\n\n<p>&#8220;Durante el vuelo, se sinti\u00f3 mal. El avi\u00f3n hizo un aterrizaje urgente en Omsk. Alexei tiene intoxicaci\u00f3n t\u00f3xica&#8221;.<\/p>\n\n\n\n<p>Ella agreg\u00f3: &#8220;Sospechamos que Alexei fue envenenado por algo mezclado en [su] t\u00e9. Fue lo \u00fanico que bebi\u00f3 desde la ma\u00f1ana.<\/p>\n\n\n\n<p>&#8220;Los m\u00e9dicos dicen que el agente t\u00f3xico se absorbe m\u00e1s r\u00e1pido a trav\u00e9s del l\u00edquido caliente. En este momento, Alexei est\u00e1 inconsciente&#8221;.<\/p>\n\n\n\n<p>Otro video perturbador parece mostrar a un Sr. Navalny afectado por el dolor en el vuelo.<\/p>\n\n\n\n<p>El pasajero Pavel Lebedev dijo: &#8220;Al comienzo del vuelo, fue al ba\u00f1o y no regres\u00f3. Comenz\u00f3 a sentirse muy enfermo. Lucharon por hacer que se recuperara y gritaba de dolor&#8221;.<\/p>\n\n\n\n<p>Otra fotograf\u00eda en las redes sociales pretende mostrar a Navalny bebiendo una taza en un caf\u00e9 del aeropuerto de Tomsk.<\/p>\n\n\n\n<p>La agencia Interfax dijo que los due\u00f1os de los caf\u00e9s estaban revisando el circuito cerrado de televisi\u00f3n para ver si pod\u00eda proporcionar alguna evidencia.<\/p>\n\n\n\n<p>En 2011 fue arrestado y encarcelado durante 15 d\u00edas tras las protestas por manipulaci\u00f3n de votos por parte del partido Rusia Unida de Putin en las elecciones parlamentarias.<\/p>\n\n\n\n<p>Navalny fue encarcelado brevemente en julio de 2013 por cargos de malversaci\u00f3n de fondos, pero denunci\u00f3 la sentencia como pol\u00edtica.<\/p>\n\n\n\n<p>Intent\u00f3 presentarse en la carrera presidencial de 2018, pero fue excluido debido a condenas previas por fraude en un caso que nuevamente dijo que ten\u00eda motivaciones pol\u00edticas.<\/p>\n\n\n\n<p>Navalny tambi\u00e9n recibi\u00f3 una pena de c\u00e1rcel de 30 d\u00edas en julio de 2019 despu\u00e9s de llamar a protestas no autorizadas.<\/p>\n\n\n\n<p>Se enferm\u00f3 durante esa sentencia de c\u00e1rcel. Los m\u00e9dicos le diagnosticaron &#8220;dermatitis de contacto&#8221;, pero dijo que nunca hab\u00eda tenido reacciones al\u00e9rgicas agudas y su propio m\u00e9dico sugiri\u00f3 que podr\u00eda haber estado expuesto a &#8220;alg\u00fan agente t\u00f3xico&#8221;. Navalny tambi\u00e9n dijo que pensaba que podr\u00eda haber sido envenenado.<\/p>\n\n\n\n<p>Navalny tambi\u00e9n sufri\u00f3 una quemadura qu\u00edmica grave en el ojo derecho en 2017 cuando fue agredido con un tinte antis\u00e9ptico verde.<\/p>\n\n\n\n<p>El a\u00f1o pasado, su Fundaci\u00f3n Anticorrupci\u00f3n fue declarada oficialmente &#8220;agente extranjero&#8221;, lo que permiti\u00f3 a las autoridades someterla a m\u00e1s controles.<\/p>\n\n\n\n<p><strong>Otros ataques a cr\u00edticos del Kremlin<\/strong><\/p>\n\n\n\n<p>Si esto se confirma como un envenenamiento, los ataques previos contra cr\u00edticos de alto perfil del presidente Putin volver\u00edan a ser el centro de atenci\u00f3n.<\/p>\n\n\n\n<p>Entre ellos se encuentran el pol\u00edtico Boris Nemtsov y la periodista Anna Politkovskaya, que fueron asesinados a tiros, y el oficial de inteligencia Alexander Litvinenko, que muri\u00f3 por envenenamiento en el Reino Unido.<\/p>\n\n\n\n<p>El periodista y activista de la oposici\u00f3n Vladimir Kara-Murza a\u00fan est\u00e1 vivo, pero aleg\u00f3 que los servicios de seguridad rusos lo envenenaron dos veces. Casi muere despu\u00e9s de sufrir una insuficiencia renal en 2015 y entr\u00f3 en coma dos a\u00f1os despu\u00e9s.<\/p>\n\n\n\n<p><strong>T\u00edtulo de los medios: <\/strong>Vladimir Kara-Murza sobre los peligros para los cr\u00edticos del presidente Putin<\/p>\n\n\n\n<p>Otro cr\u00edtico del Kremlin, Pyotr Verzilov, acus\u00f3 a los servicios de inteligencia de Rusia de envenenarlo en 2018, cuando cay\u00f3 enfermo despu\u00e9s de una audiencia judicial y perdi\u00f3 la vista y la capacidad de hablar.<\/p>\n\n\n\n<p>El mismo a\u00f1o, el ex agente doble ruso Sergei Skripal y su hija fueron envenenados con el agente nervioso Novichok en la ciudad brit\u00e1nica de Salisbury. El Reino Unido cree que agentes del servicio de inteligencia militar GRU de Rusia estuvieron detr\u00e1s del ataque, pero el Kremlin siempre ha negado su participaci\u00f3n.<br><br><small>PanPressEu  \/ SalaStampaEu &#8211;  ElCanillita.Info &#8211;  Informaci\u00f3n de dominio p\u00fablico<\/small> <\/p>\n","protected":false},"excerpt":{"rendered":"<p>Omsk, 21.08.2020 &#8211; El lider de la oposici\u00f3n rusa Alexei Navalny est\u00e1 inconsciente en el hospital y sufre un presunto envenenamiento, dijo su portavoz.<\/p>\n","protected":false},"author":1,"featured_media":1040,"comment_status":"closed","ping_status":"closed","sticky":false,"template":"","format":"standard","meta":{"footnotes":"","_links_to":"","_links_to_target":""},"categories":[70,7,23],"tags":[49],"class_list":["post-1039","post","type-post","status-publish","format-standard","has-post-thumbnail","hentry","category-actualidad","category-eurasia","category-politica","tag-rusia","entry","double"],"yoast_head":"<!-- This site is optimized with the Yoast SEO plugin v27.4 - https:\/\/yoast.com\/product\/yoast-seo-wordpress\/ -->\n<title>Alexei Navalny: e l\u00edder de la oposici\u00f3n rusa, ha sido &#039;envenenado&#039; y est\u00e1 en coma - ElCanillita.Info<\/title>\n<meta name=\"robots\" content=\"index, follow, max-snippet:-1, max-image-preview:large, max-video-preview:-1\" \/>\n<link rel=\"canonical\" href=\"https:\/\/elcanillita.info\/press\/2020\/08\/20\/alexei-navalny-lider-oposicion-rusa-envenenado-coma\/\" \/>\n<meta property=\"og:locale\" content=\"es_ES\" \/>\n<meta property=\"og:type\" content=\"article\" \/>\n<meta property=\"og:title\" content=\"Alexei Navalny: e l\u00edder de la oposici\u00f3n rusa, ha sido &#039;envenenado&#039; y est\u00e1 en coma - ElCanillita.Info\" \/>\n<meta property=\"og:description\" content=\"Omsk, 21.08.2020 - El lider de la oposici\u00f3n rusa Alexei Navalny est\u00e1 inconsciente en el hospital y sufre un presunto envenenamiento, dijo su portavoz.\" \/>\n<meta property=\"og:url\" content=\"https:\/\/elcanillita.info\/press\/2020\/08\/20\/alexei-navalny-lider-oposicion-rusa-envenenado-coma\/\" \/>\n<meta property=\"og:site_name\" content=\"ElCanillita.Info\" \/>\n<meta property=\"article:publisher\" content=\"https:\/\/ar-ar.facebook.com\/ElCanillitainfo-114249515285712\/\" \/>\n<meta property=\"article:published_time\" content=\"2020-08-21T01:03:07+00:00\" \/>\n<meta property=\"article:modified_time\" content=\"2020-09-08T09:07:58+00:00\" \/>\n<meta property=\"og:image\" content=\"https:\/\/elcanillita.info\/press\/images\/2020\/08\/alexei2-1.jpg\" \/>\n\t<meta property=\"og:image:width\" content=\"600\" \/>\n\t<meta property=\"og:image:height\" content=\"337\" \/>\n\t<meta property=\"og:image:type\" content=\"image\/jpeg\" \/>\n<meta name=\"author\" content=\"SalaStampa.eu, world press service\" \/>\n<meta name=\"twitter:card\" content=\"summary_large_image\" \/>\n<meta name=\"twitter:label1\" content=\"Escrito por\" \/>\n\t<meta name=\"twitter:data1\" content=\"SalaStampa.eu, world press service\" \/>\n\t<meta name=\"twitter:label2\" content=\"Tiempo de lectura\" \/>\n\t<meta name=\"twitter:data2\" content=\"4 minutos\" \/>\n<script type=\"application\/ld+json\" class=\"yoast-schema-graph\">{\"@context\":\"https:\\\/\\\/schema.org\",\"@graph\":[{\"@type\":\"Article\",\"@id\":\"https:\\\/\\\/elcanillita.info\\\/press\\\/2020\\\/08\\\/20\\\/alexei-navalny-lider-oposicion-rusa-envenenado-coma\\\/#article\",\"isPartOf\":{\"@id\":\"https:\\\/\\\/elcanillita.info\\\/press\\\/2020\\\/08\\\/20\\\/alexei-navalny-lider-oposicion-rusa-envenenado-coma\\\/\"},\"author\":{\"name\":\"SalaStampa.eu, world press service\",\"@id\":\"https:\\\/\\\/elcanillita.info\\\/press\\\/#\\\/schema\\\/person\\\/7fcb79f38045700919f7da6d97e71ba0\"},\"headline\":\"Alexei Navalny: e l\u00edder de la oposici\u00f3n rusa, ha sido &#8216;envenenado&#8217; y est\u00e1 en coma\",\"datePublished\":\"2020-08-21T01:03:07+00:00\",\"dateModified\":\"2020-09-08T09:07:58+00:00\",\"mainEntityOfPage\":{\"@id\":\"https:\\\/\\\/elcanillita.info\\\/press\\\/2020\\\/08\\\/20\\\/alexei-navalny-lider-oposicion-rusa-envenenado-coma\\\/\"},\"wordCount\":836,\"publisher\":{\"@id\":\"https:\\\/\\\/elcanillita.info\\\/press\\\/#organization\"},\"image\":{\"@id\":\"https:\\\/\\\/elcanillita.info\\\/press\\\/2020\\\/08\\\/20\\\/alexei-navalny-lider-oposicion-rusa-envenenado-coma\\\/#primaryimage\"},\"thumbnailUrl\":\"https:\\\/\\\/elcanillita.info\\\/press\\\/images\\\/2020\\\/08\\\/alexei2-1.jpg\",\"keywords\":[\"Rusia\"],\"articleSection\":[\"Actualidad\",\"Eurasia\",\"Politica\"],\"inLanguage\":\"es-AR\"},{\"@type\":\"WebPage\",\"@id\":\"https:\\\/\\\/elcanillita.info\\\/press\\\/2020\\\/08\\\/20\\\/alexei-navalny-lider-oposicion-rusa-envenenado-coma\\\/\",\"url\":\"https:\\\/\\\/elcanillita.info\\\/press\\\/2020\\\/08\\\/20\\\/alexei-navalny-lider-oposicion-rusa-envenenado-coma\\\/\",\"name\":\"Alexei Navalny: e l\u00edder de la oposici\u00f3n rusa, ha sido 'envenenado' y est\u00e1 en coma - ElCanillita.Info\",\"isPartOf\":{\"@id\":\"https:\\\/\\\/elcanillita.info\\\/press\\\/#website\"},\"primaryImageOfPage\":{\"@id\":\"https:\\\/\\\/elcanillita.info\\\/press\\\/2020\\\/08\\\/20\\\/alexei-navalny-lider-oposicion-rusa-envenenado-coma\\\/#primaryimage\"},\"image\":{\"@id\":\"https:\\\/\\\/elcanillita.info\\\/press\\\/2020\\\/08\\\/20\\\/alexei-navalny-lider-oposicion-rusa-envenenado-coma\\\/#primaryimage\"},\"thumbnailUrl\":\"https:\\\/\\\/elcanillita.info\\\/press\\\/images\\\/2020\\\/08\\\/alexei2-1.jpg\",\"datePublished\":\"2020-08-21T01:03:07+00:00\",\"dateModified\":\"2020-09-08T09:07:58+00:00\",\"inLanguage\":\"es-AR\",\"potentialAction\":[{\"@type\":\"ReadAction\",\"target\":[\"https:\\\/\\\/elcanillita.info\\\/press\\\/2020\\\/08\\\/20\\\/alexei-navalny-lider-oposicion-rusa-envenenado-coma\\\/\"]}]},{\"@type\":\"ImageObject\",\"inLanguage\":\"es-AR\",\"@id\":\"https:\\\/\\\/elcanillita.info\\\/press\\\/2020\\\/08\\\/20\\\/alexei-navalny-lider-oposicion-rusa-envenenado-coma\\\/#primaryimage\",\"url\":\"https:\\\/\\\/elcanillita.info\\\/press\\\/images\\\/2020\\\/08\\\/alexei2-1.jpg\",\"contentUrl\":\"https:\\\/\\\/elcanillita.info\\\/press\\\/images\\\/2020\\\/08\\\/alexei2-1.jpg\",\"width\":600,\"height\":337},{\"@type\":\"WebSite\",\"@id\":\"https:\\\/\\\/elcanillita.info\\\/press\\\/#website\",\"url\":\"https:\\\/\\\/elcanillita.info\\\/press\\\/\",\"name\":\"ElCanillita.Info\",\"description\":\"desde los Apeninos a los Andes\",\"publisher\":{\"@id\":\"https:\\\/\\\/elcanillita.info\\\/press\\\/#organization\"},\"potentialAction\":[{\"@type\":\"SearchAction\",\"target\":{\"@type\":\"EntryPoint\",\"urlTemplate\":\"https:\\\/\\\/elcanillita.info\\\/press\\\/?s={search_term_string}\"},\"query-input\":{\"@type\":\"PropertyValueSpecification\",\"valueRequired\":true,\"valueName\":\"search_term_string\"}}],\"inLanguage\":\"es-AR\"},{\"@type\":\"Organization\",\"@id\":\"https:\\\/\\\/elcanillita.info\\\/press\\\/#organization\",\"name\":\"Guzzo Photos & Graphic Publications\",\"url\":\"https:\\\/\\\/elcanillita.info\\\/press\\\/\",\"logo\":{\"@type\":\"ImageObject\",\"inLanguage\":\"es-AR\",\"@id\":\"https:\\\/\\\/elcanillita.info\\\/press\\\/#\\\/schema\\\/logo\\\/image\\\/\",\"url\":\"https:\\\/\\\/elcanillita.info\\\/press\\\/images\\\/2020\\\/01\\\/cropped-cropped-cropped-elcanillitainfo.png\",\"contentUrl\":\"https:\\\/\\\/elcanillita.info\\\/press\\\/images\\\/2020\\\/01\\\/cropped-cropped-cropped-elcanillitainfo.png\",\"width\":460,\"height\":50,\"caption\":\"Guzzo Photos & Graphic Publications\"},\"image\":{\"@id\":\"https:\\\/\\\/elcanillita.info\\\/press\\\/#\\\/schema\\\/logo\\\/image\\\/\"},\"sameAs\":[\"https:\\\/\\\/ar-ar.facebook.com\\\/ElCanillitainfo-114249515285712\\\/\"]},{\"@type\":\"Person\",\"@id\":\"https:\\\/\\\/elcanillita.info\\\/press\\\/#\\\/schema\\\/person\\\/7fcb79f38045700919f7da6d97e71ba0\",\"name\":\"SalaStampa.eu, world press service\",\"image\":{\"@type\":\"ImageObject\",\"inLanguage\":\"es-AR\",\"@id\":\"https:\\\/\\\/secure.gravatar.com\\\/avatar\\\/c2f0e0d515a107624234994507816ca4724c7199cef73fc8bedebf6931d73888?s=96&d=mm&r=g\",\"url\":\"https:\\\/\\\/secure.gravatar.com\\\/avatar\\\/c2f0e0d515a107624234994507816ca4724c7199cef73fc8bedebf6931d73888?s=96&d=mm&r=g\",\"contentUrl\":\"https:\\\/\\\/secure.gravatar.com\\\/avatar\\\/c2f0e0d515a107624234994507816ca4724c7199cef73fc8bedebf6931d73888?s=96&d=mm&r=g\",\"caption\":\"SalaStampa.eu, world press service\"}}]}<\/script>\n<!-- \/ Yoast SEO plugin. -->","yoast_head_json":{"title":"Alexei Navalny: e l\u00edder de la oposici\u00f3n rusa, ha sido 'envenenado' y est\u00e1 en coma - ElCanillita.Info","robots":{"index":"index","follow":"follow","max-snippet":"max-snippet:-1","max-image-preview":"max-image-preview:large","max-video-preview":"max-video-preview:-1"},"canonical":"https:\/\/elcanillita.info\/press\/2020\/08\/20\/alexei-navalny-lider-oposicion-rusa-envenenado-coma\/","og_locale":"es_ES","og_type":"article","og_title":"Alexei Navalny: e l\u00edder de la oposici\u00f3n rusa, ha sido 'envenenado' y est\u00e1 en coma - ElCanillita.Info","og_description":"Omsk, 21.08.2020 - El lider de la oposici\u00f3n rusa Alexei Navalny est\u00e1 inconsciente en el hospital y sufre un presunto envenenamiento, dijo su portavoz.","og_url":"https:\/\/elcanillita.info\/press\/2020\/08\/20\/alexei-navalny-lider-oposicion-rusa-envenenado-coma\/","og_site_name":"ElCanillita.Info","article_publisher":"https:\/\/ar-ar.facebook.com\/ElCanillitainfo-114249515285712\/","article_published_time":"2020-08-21T01:03:07+00:00","article_modified_time":"2020-09-08T09:07:58+00:00","og_image":[{"width":600,"height":337,"url":"https:\/\/elcanillita.info\/press\/images\/2020\/08\/alexei2-1.jpg","type":"image\/jpeg"}],"author":"SalaStampa.eu, world press service","twitter_card":"summary_large_image","twitter_misc":{"Escrito por":"SalaStampa.eu, world press service","Tiempo de lectura":"4 minutos"},"schema":{"@context":"https:\/\/schema.org","@graph":[{"@type":"Article","@id":"https:\/\/elcanillita.info\/press\/2020\/08\/20\/alexei-navalny-lider-oposicion-rusa-envenenado-coma\/#article","isPartOf":{"@id":"https:\/\/elcanillita.info\/press\/2020\/08\/20\/alexei-navalny-lider-oposicion-rusa-envenenado-coma\/"},"author":{"name":"SalaStampa.eu, world press service","@id":"https:\/\/elcanillita.info\/press\/#\/schema\/person\/7fcb79f38045700919f7da6d97e71ba0"},"headline":"Alexei Navalny: e l\u00edder de la oposici\u00f3n rusa, ha sido &#8216;envenenado&#8217; y est\u00e1 en coma","datePublished":"2020-08-21T01:03:07+00:00","dateModified":"2020-09-08T09:07:58+00:00","mainEntityOfPage":{"@id":"https:\/\/elcanillita.info\/press\/2020\/08\/20\/alexei-navalny-lider-oposicion-rusa-envenenado-coma\/"},"wordCount":836,"publisher":{"@id":"https:\/\/elcanillita.info\/press\/#organization"},"image":{"@id":"https:\/\/elcanillita.info\/press\/2020\/08\/20\/alexei-navalny-lider-oposicion-rusa-envenenado-coma\/#primaryimage"},"thumbnailUrl":"https:\/\/elcanillita.info\/press\/images\/2020\/08\/alexei2-1.jpg","keywords":["Rusia"],"articleSection":["Actualidad","Eurasia","Politica"],"inLanguage":"es-AR"},{"@type":"WebPage","@id":"https:\/\/elcanillita.info\/press\/2020\/08\/20\/alexei-navalny-lider-oposicion-rusa-envenenado-coma\/","url":"https:\/\/elcanillita.info\/press\/2020\/08\/20\/alexei-navalny-lider-oposicion-rusa-envenenado-coma\/","name":"Alexei Navalny: e l\u00edder de la oposici\u00f3n rusa, ha sido 'envenenado' y est\u00e1 en coma - ElCanillita.Info","isPartOf":{"@id":"https:\/\/elcanillita.info\/press\/#website"},"primaryImageOfPage":{"@id":"https:\/\/elcanillita.info\/press\/2020\/08\/20\/alexei-navalny-lider-oposicion-rusa-envenenado-coma\/#primaryimage"},"image":{"@id":"https:\/\/elcanillita.info\/press\/2020\/08\/20\/alexei-navalny-lider-oposicion-rusa-envenenado-coma\/#primaryimage"},"thumbnailUrl":"https:\/\/elcanillita.info\/press\/images\/2020\/08\/alexei2-1.jpg","datePublished":"2020-08-21T01:03:07+00:00","dateModified":"2020-09-08T09:07:58+00:00","inLanguage":"es-AR","potentialAction":[{"@type":"ReadAction","target":["https:\/\/elcanillita.info\/press\/2020\/08\/20\/alexei-navalny-lider-oposicion-rusa-envenenado-coma\/"]}]},{"@type":"ImageObject","inLanguage":"es-AR","@id":"https:\/\/elcanillita.info\/press\/2020\/08\/20\/alexei-navalny-lider-oposicion-rusa-envenenado-coma\/#primaryimage","url":"https:\/\/elcanillita.info\/press\/images\/2020\/08\/alexei2-1.jpg","contentUrl":"https:\/\/elcanillita.info\/press\/images\/2020\/08\/alexei2-1.jpg","width":600,"height":337},{"@type":"WebSite","@id":"https:\/\/elcanillita.info\/press\/#website","url":"https:\/\/elcanillita.info\/press\/","name":"ElCanillita.Info","description":"desde los Apeninos a los Andes","publisher":{"@id":"https:\/\/elcanillita.info\/press\/#organization"},"potentialAction":[{"@type":"SearchAction","target":{"@type":"EntryPoint","urlTemplate":"https:\/\/elcanillita.info\/press\/?s={search_term_string}"},"query-input":{"@type":"PropertyValueSpecification","valueRequired":true,"valueName":"search_term_string"}}],"inLanguage":"es-AR"},{"@type":"Organization","@id":"https:\/\/elcanillita.info\/press\/#organization","name":"Guzzo Photos & Graphic Publications","url":"https:\/\/elcanillita.info\/press\/","logo":{"@type":"ImageObject","inLanguage":"es-AR","@id":"https:\/\/elcanillita.info\/press\/#\/schema\/logo\/image\/","url":"https:\/\/elcanillita.info\/press\/images\/2020\/01\/cropped-cropped-cropped-elcanillitainfo.png","contentUrl":"https:\/\/elcanillita.info\/press\/images\/2020\/01\/cropped-cropped-cropped-elcanillitainfo.png","width":460,"height":50,"caption":"Guzzo Photos & Graphic Publications"},"image":{"@id":"https:\/\/elcanillita.info\/press\/#\/schema\/logo\/image\/"},"sameAs":["https:\/\/ar-ar.facebook.com\/ElCanillitainfo-114249515285712\/"]},{"@type":"Person","@id":"https:\/\/elcanillita.info\/press\/#\/schema\/person\/7fcb79f38045700919f7da6d97e71ba0","name":"SalaStampa.eu, world press service","image":{"@type":"ImageObject","inLanguage":"es-AR","@id":"https:\/\/secure.gravatar.com\/avatar\/c2f0e0d515a107624234994507816ca4724c7199cef73fc8bedebf6931d73888?s=96&d=mm&r=g","url":"https:\/\/secure.gravatar.com\/avatar\/c2f0e0d515a107624234994507816ca4724c7199cef73fc8bedebf6931d73888?s=96&d=mm&r=g","contentUrl":"https:\/\/secure.gravatar.com\/avatar\/c2f0e0d515a107624234994507816ca4724c7199cef73fc8bedebf6931d73888?s=96&d=mm&r=g","caption":"SalaStampa.eu, world press service"}}]}},"views":692,"_links":{"self":[{"href":"https:\/\/elcanillita.info\/press\/wp-json\/wp\/v2\/posts\/1039","targetHints":{"allow":["GET"]}}],"collection":[{"href":"https:\/\/elcanillita.info\/press\/wp-json\/wp\/v2\/posts"}],"about":[{"href":"https:\/\/elcanillita.info\/press\/wp-json\/wp\/v2\/types\/post"}],"author":[{"embeddable":true,"href":"https:\/\/elcanillita.info\/press\/wp-json\/wp\/v2\/users\/1"}],"replies":[{"embeddable":true,"href":"https:\/\/elcanillita.info\/press\/wp-json\/wp\/v2\/comments?post=1039"}],"version-history":[{"count":0,"href":"https:\/\/elcanillita.info\/press\/wp-json\/wp\/v2\/posts\/1039\/revisions"}],"wp:featuredmedia":[{"embeddable":true,"href":"https:\/\/elcanillita.info\/press\/wp-json\/wp\/v2\/media\/1040"}],"wp:attachment":[{"href":"https:\/\/elcanillita.info\/press\/wp-json\/wp\/v2\/media?parent=1039"}],"wp:term":[{"taxonomy":"category","embeddable":true,"href":"https:\/\/elcanillita.info\/press\/wp-json\/wp\/v2\/categories?post=1039"},{"taxonomy":"post_tag","embeddable":true,"href":"https:\/\/elcanillita.info\/press\/wp-json\/wp\/v2\/tags?post=1039"}],"curies":[{"name":"wp","href":"https:\/\/api.w.org\/{rel}","templated":true}]}}