{"id":103,"date":"2020-01-13T19:15:16","date_gmt":"2020-01-13T22:15:16","guid":{"rendered":"https:\/\/elcanillita.info\/press\/?p=103"},"modified":"2020-01-17T09:07:00","modified_gmt":"2020-01-17T12:07:00","slug":"bolivia-condena-sugerencia-de-evo-morales-de-crear-milicias-armadas","status":"publish","type":"post","link":"https:\/\/elcanillita.info\/press\/2020\/01\/13\/bolivia-condena-sugerencia-de-evo-morales-de-crear-milicias-armadas\/","title":{"rendered":"Bolivia condena sugerencia de Evo Morales de crear milicias armadas"},"content":{"rendered":"\n<p>La Paz, 13.01.2020 &#8211; La presidente de Bolivia, Jeanine \u00c1\u00f1ez, conden\u00f3 las declaraciones emitidas por el expresidente Evo Morales desde Argentina en las que plante\u00f3 la posibilidad de crear dentro del pa\u00eds milicias armadas como las que existen en Venezuela.<\/p>\n\n\n\n<p>En su cuenta de Twitter, \u00c1\u00f1ez dijo que las declaraciones de Morales \u201cbuscan sembrar terror y violencia\u201d.<br>\nMorales se reuni\u00f3&nbsp;con los seguidores de su partido&nbsp;Movimiento Al Socialismo (MAS) en Buenos Aires, donde permanece como refugiado. All\u00ed plante\u00f3 su idea de crear dichas milicias.<\/p>\n\n\n\n<p>\u201cSaben, quiero que sepan, si de ac\u00e1 a poco tiempo, no s\u00e9, si volver\u00eda, o alguien vuelva, hay que organizar como en Venezuela, milicias armadas del pueblo\u201d, expres\u00f3 el exmandatario que renunci\u00f3 en noviembre en medio de protestas y denuncias de fraude en las elecciones de octubre.<br><br> Tras su renuncia, Morales se refugi\u00f3 en M\u00e9xico y luego en Argentina. Est\u00e1 encargado de la campa\u00f1a del MAS de cara a las pr\u00f3ximas elecciones. Ha dicho que ocurri\u00f3 un &#8220;golpe de Estado&#8221;, pero opositores lo niegan, alegando que buscaba perpetuarse en el poder tras casi 14 a\u00f1os de gobierno.<br><br> La canciller boliviana del gobierno de transici\u00f3n, Karen Longaric, consider\u00f3 que la sugerencia del exmandatario boliviano es \u201cterrorismo y violaci\u00f3n de los derechos humanos\u201d y pidi\u00f3 a la comunidad internacional actuar ante esta amenaza.<br> Las milicias venezolanas, conocidas como &#8220;colectivos&#8221; y que respaldan al gobierno en disputa de Nicol\u00e1s Maduro, son a menudo criticadas dentro y fuera de Venezuela y culpadas de cometer cr\u00edmenes y violaciones de los derechos humanos contra opositores.<\/p>\n\n\n\n<p>Ministro: &#8220;Estamos esperando a Evo Morales en Bolivia por terrorista&#8221;<\/p>\n\n\n\n<p>Los candidatos para las pr\u00f3ximas elecciones generales Carlos Mesa y Jorge Quiroga, rechazaron tambi\u00e9n estas expresiones y recordaron el pol\u00e9mico llamado del expresidente Morales a cercar las ciudades en el pa\u00eds durante el conflicto poselectoral.<br><br> Por su parte, el representante del Consejo Nacional de Defensa de la Democracia, Waldo Albarrac\u00edn, se pronunci\u00f3 al respecto: \u201cEvo Morales est\u00e1 desesperado porque \u00e9l se ha acostumbrado a estar en el poder y no admite una Bolivia sin Evo Morales en el gobierno. Yo asumo que \u00e9l lo est\u00e1 haciendo con la idea de llamar la atenci\u00f3n y no dejar en paz al pa\u00eds, pero en la medida en que sus actos configuren conductas delictivas \u00e9l debe ser objeto de la acci\u00f3n penal pertinente\u201d.<\/p>\n\n\n\n<p>Evo Morales cumple una intensa agenda pol\u00edtica en Argentina y prepara para el 22 de enero un acto p\u00fablico por el aniversario del Estado Plurinacional de Bolivia en el que anunci\u00f3 emitir\u00e1 un mensaje al pa\u00eds.<br><br><small>2020 voanoticias \u2013 salastampa.eu, afiliada a la red Broadcasting Board of Governors \u00a9 2020 BBG<\/small><\/p>\n","protected":false},"excerpt":{"rendered":"<p>La Paz, 13.01.2020 -La presidente de Bolivia, Jeanine \u00c1\u00f1ez, conden\u00f3 las declaraciones emitidas por el expresidente Evo Morales desde Argentina en las que plante\u00f3 la posibilidad de crear dentro del pa\u00eds milicias armadas como las que existen en Venezuela.<\/p>\n","protected":false},"author":1,"featured_media":0,"comment_status":"closed","ping_status":"closed","sticky":false,"template":"","format":"standard","meta":{"footnotes":"","_links_to":"","_links_to_target":""},"categories":[11,23,25],"tags":[30],"class_list":["post-103","post","type-post","status-publish","format-standard","hentry","category-america-del-sur","category-politica","category-sociedad","tag-bolivia","entry","double"],"yoast_head":"<!-- This site is optimized with the Yoast SEO plugin v27.4 - https:\/\/yoast.com\/product\/yoast-seo-wordpress\/ -->\n<title>Bolivia condena sugerencia de Evo Morales de crear milicias armadas - ElCanillita.Info<\/title>\n<meta name=\"robots\" content=\"index, follow, max-snippet:-1, max-image-preview:large, max-video-preview:-1\" \/>\n<link rel=\"canonical\" href=\"https:\/\/elcanillita.info\/press\/2020\/01\/13\/bolivia-condena-sugerencia-de-evo-morales-de-crear-milicias-armadas\/\" \/>\n<meta property=\"og:locale\" content=\"es_ES\" \/>\n<meta property=\"og:type\" content=\"article\" \/>\n<meta property=\"og:title\" content=\"Bolivia condena sugerencia de Evo Morales de crear milicias armadas - ElCanillita.Info\" \/>\n<meta property=\"og:description\" content=\"La Paz, 13.01.2020 -La presidente de Bolivia, Jeanine \u00c1\u00f1ez, conden\u00f3 las declaraciones emitidas por el expresidente Evo Morales desde Argentina en las que plante\u00f3 la posibilidad de crear dentro del pa\u00eds milicias armadas como las que existen en Venezuela.\" \/>\n<meta property=\"og:url\" content=\"https:\/\/elcanillita.info\/press\/2020\/01\/13\/bolivia-condena-sugerencia-de-evo-morales-de-crear-milicias-armadas\/\" \/>\n<meta property=\"og:site_name\" content=\"ElCanillita.Info\" \/>\n<meta property=\"article:publisher\" content=\"https:\/\/ar-ar.facebook.com\/ElCanillitainfo-114249515285712\/\" \/>\n<meta property=\"article:published_time\" content=\"2020-01-13T22:15:16+00:00\" \/>\n<meta property=\"article:modified_time\" content=\"2020-01-17T12:07:00+00:00\" \/>\n<meta name=\"author\" content=\"SalaStampa.eu, world press service\" \/>\n<meta name=\"twitter:card\" content=\"summary_large_image\" \/>\n<meta name=\"twitter:label1\" content=\"Escrito por\" \/>\n\t<meta name=\"twitter:data1\" content=\"SalaStampa.eu, world press service\" \/>\n\t<meta name=\"twitter:label2\" content=\"Tiempo de lectura\" \/>\n\t<meta name=\"twitter:data2\" content=\"2 minutos\" \/>\n<script type=\"application\/ld+json\" class=\"yoast-schema-graph\">{\"@context\":\"https:\\\/\\\/schema.org\",\"@graph\":[{\"@type\":\"Article\",\"@id\":\"https:\\\/\\\/elcanillita.info\\\/press\\\/2020\\\/01\\\/13\\\/bolivia-condena-sugerencia-de-evo-morales-de-crear-milicias-armadas\\\/#article\",\"isPartOf\":{\"@id\":\"https:\\\/\\\/elcanillita.info\\\/press\\\/2020\\\/01\\\/13\\\/bolivia-condena-sugerencia-de-evo-morales-de-crear-milicias-armadas\\\/\"},\"author\":{\"name\":\"SalaStampa.eu, world press service\",\"@id\":\"https:\\\/\\\/elcanillita.info\\\/press\\\/#\\\/schema\\\/person\\\/7fcb79f38045700919f7da6d97e71ba0\"},\"headline\":\"Bolivia condena sugerencia de Evo Morales de crear milicias armadas\",\"datePublished\":\"2020-01-13T22:15:16+00:00\",\"dateModified\":\"2020-01-17T12:07:00+00:00\",\"mainEntityOfPage\":{\"@id\":\"https:\\\/\\\/elcanillita.info\\\/press\\\/2020\\\/01\\\/13\\\/bolivia-condena-sugerencia-de-evo-morales-de-crear-milicias-armadas\\\/\"},\"wordCount\":462,\"publisher\":{\"@id\":\"https:\\\/\\\/elcanillita.info\\\/press\\\/#organization\"},\"keywords\":[\"Bolivia\"],\"articleSection\":[\"Am\u00e9rica del Sur\",\"Politica\",\"Sociedad\"],\"inLanguage\":\"es-AR\"},{\"@type\":\"WebPage\",\"@id\":\"https:\\\/\\\/elcanillita.info\\\/press\\\/2020\\\/01\\\/13\\\/bolivia-condena-sugerencia-de-evo-morales-de-crear-milicias-armadas\\\/\",\"url\":\"https:\\\/\\\/elcanillita.info\\\/press\\\/2020\\\/01\\\/13\\\/bolivia-condena-sugerencia-de-evo-morales-de-crear-milicias-armadas\\\/\",\"name\":\"Bolivia condena sugerencia de Evo Morales de crear milicias armadas - ElCanillita.Info\",\"isPartOf\":{\"@id\":\"https:\\\/\\\/elcanillita.info\\\/press\\\/#website\"},\"datePublished\":\"2020-01-13T22:15:16+00:00\",\"dateModified\":\"2020-01-17T12:07:00+00:00\",\"inLanguage\":\"es-AR\",\"potentialAction\":[{\"@type\":\"ReadAction\",\"target\":[\"https:\\\/\\\/elcanillita.info\\\/press\\\/2020\\\/01\\\/13\\\/bolivia-condena-sugerencia-de-evo-morales-de-crear-milicias-armadas\\\/\"]}]},{\"@type\":\"WebSite\",\"@id\":\"https:\\\/\\\/elcanillita.info\\\/press\\\/#website\",\"url\":\"https:\\\/\\\/elcanillita.info\\\/press\\\/\",\"name\":\"ElCanillita.Info\",\"description\":\"desde los Apeninos a los Andes\",\"publisher\":{\"@id\":\"https:\\\/\\\/elcanillita.info\\\/press\\\/#organization\"},\"potentialAction\":[{\"@type\":\"SearchAction\",\"target\":{\"@type\":\"EntryPoint\",\"urlTemplate\":\"https:\\\/\\\/elcanillita.info\\\/press\\\/?s={search_term_string}\"},\"query-input\":{\"@type\":\"PropertyValueSpecification\",\"valueRequired\":true,\"valueName\":\"search_term_string\"}}],\"inLanguage\":\"es-AR\"},{\"@type\":\"Organization\",\"@id\":\"https:\\\/\\\/elcanillita.info\\\/press\\\/#organization\",\"name\":\"Guzzo Photos & Graphic Publications\",\"url\":\"https:\\\/\\\/elcanillita.info\\\/press\\\/\",\"logo\":{\"@type\":\"ImageObject\",\"inLanguage\":\"es-AR\",\"@id\":\"https:\\\/\\\/elcanillita.info\\\/press\\\/#\\\/schema\\\/logo\\\/image\\\/\",\"url\":\"https:\\\/\\\/elcanillita.info\\\/press\\\/images\\\/2020\\\/01\\\/cropped-cropped-cropped-elcanillitainfo.png\",\"contentUrl\":\"https:\\\/\\\/elcanillita.info\\\/press\\\/images\\\/2020\\\/01\\\/cropped-cropped-cropped-elcanillitainfo.png\",\"width\":460,\"height\":50,\"caption\":\"Guzzo Photos & Graphic Publications\"},\"image\":{\"@id\":\"https:\\\/\\\/elcanillita.info\\\/press\\\/#\\\/schema\\\/logo\\\/image\\\/\"},\"sameAs\":[\"https:\\\/\\\/ar-ar.facebook.com\\\/ElCanillitainfo-114249515285712\\\/\"]},{\"@type\":\"Person\",\"@id\":\"https:\\\/\\\/elcanillita.info\\\/press\\\/#\\\/schema\\\/person\\\/7fcb79f38045700919f7da6d97e71ba0\",\"name\":\"SalaStampa.eu, world press service\",\"image\":{\"@type\":\"ImageObject\",\"inLanguage\":\"es-AR\",\"@id\":\"https:\\\/\\\/secure.gravatar.com\\\/avatar\\\/c2f0e0d515a107624234994507816ca4724c7199cef73fc8bedebf6931d73888?s=96&d=mm&r=g\",\"url\":\"https:\\\/\\\/secure.gravatar.com\\\/avatar\\\/c2f0e0d515a107624234994507816ca4724c7199cef73fc8bedebf6931d73888?s=96&d=mm&r=g\",\"contentUrl\":\"https:\\\/\\\/secure.gravatar.com\\\/avatar\\\/c2f0e0d515a107624234994507816ca4724c7199cef73fc8bedebf6931d73888?s=96&d=mm&r=g\",\"caption\":\"SalaStampa.eu, world press service\"}}]}<\/script>\n<!-- \/ Yoast SEO plugin. -->","yoast_head_json":{"title":"Bolivia condena sugerencia de Evo Morales de crear milicias armadas - ElCanillita.Info","robots":{"index":"index","follow":"follow","max-snippet":"max-snippet:-1","max-image-preview":"max-image-preview:large","max-video-preview":"max-video-preview:-1"},"canonical":"https:\/\/elcanillita.info\/press\/2020\/01\/13\/bolivia-condena-sugerencia-de-evo-morales-de-crear-milicias-armadas\/","og_locale":"es_ES","og_type":"article","og_title":"Bolivia condena sugerencia de Evo Morales de crear milicias armadas - ElCanillita.Info","og_description":"La Paz, 13.01.2020 -La presidente de Bolivia, Jeanine \u00c1\u00f1ez, conden\u00f3 las declaraciones emitidas por el expresidente Evo Morales desde Argentina en las que plante\u00f3 la posibilidad de crear dentro del pa\u00eds milicias armadas como las que existen en Venezuela.","og_url":"https:\/\/elcanillita.info\/press\/2020\/01\/13\/bolivia-condena-sugerencia-de-evo-morales-de-crear-milicias-armadas\/","og_site_name":"ElCanillita.Info","article_publisher":"https:\/\/ar-ar.facebook.com\/ElCanillitainfo-114249515285712\/","article_published_time":"2020-01-13T22:15:16+00:00","article_modified_time":"2020-01-17T12:07:00+00:00","author":"SalaStampa.eu, world press service","twitter_card":"summary_large_image","twitter_misc":{"Escrito por":"SalaStampa.eu, world press service","Tiempo de lectura":"2 minutos"},"schema":{"@context":"https:\/\/schema.org","@graph":[{"@type":"Article","@id":"https:\/\/elcanillita.info\/press\/2020\/01\/13\/bolivia-condena-sugerencia-de-evo-morales-de-crear-milicias-armadas\/#article","isPartOf":{"@id":"https:\/\/elcanillita.info\/press\/2020\/01\/13\/bolivia-condena-sugerencia-de-evo-morales-de-crear-milicias-armadas\/"},"author":{"name":"SalaStampa.eu, world press service","@id":"https:\/\/elcanillita.info\/press\/#\/schema\/person\/7fcb79f38045700919f7da6d97e71ba0"},"headline":"Bolivia condena sugerencia de Evo Morales de crear milicias armadas","datePublished":"2020-01-13T22:15:16+00:00","dateModified":"2020-01-17T12:07:00+00:00","mainEntityOfPage":{"@id":"https:\/\/elcanillita.info\/press\/2020\/01\/13\/bolivia-condena-sugerencia-de-evo-morales-de-crear-milicias-armadas\/"},"wordCount":462,"publisher":{"@id":"https:\/\/elcanillita.info\/press\/#organization"},"keywords":["Bolivia"],"articleSection":["Am\u00e9rica del Sur","Politica","Sociedad"],"inLanguage":"es-AR"},{"@type":"WebPage","@id":"https:\/\/elcanillita.info\/press\/2020\/01\/13\/bolivia-condena-sugerencia-de-evo-morales-de-crear-milicias-armadas\/","url":"https:\/\/elcanillita.info\/press\/2020\/01\/13\/bolivia-condena-sugerencia-de-evo-morales-de-crear-milicias-armadas\/","name":"Bolivia condena sugerencia de Evo Morales de crear milicias armadas - ElCanillita.Info","isPartOf":{"@id":"https:\/\/elcanillita.info\/press\/#website"},"datePublished":"2020-01-13T22:15:16+00:00","dateModified":"2020-01-17T12:07:00+00:00","inLanguage":"es-AR","potentialAction":[{"@type":"ReadAction","target":["https:\/\/elcanillita.info\/press\/2020\/01\/13\/bolivia-condena-sugerencia-de-evo-morales-de-crear-milicias-armadas\/"]}]},{"@type":"WebSite","@id":"https:\/\/elcanillita.info\/press\/#website","url":"https:\/\/elcanillita.info\/press\/","name":"ElCanillita.Info","description":"desde los Apeninos a los Andes","publisher":{"@id":"https:\/\/elcanillita.info\/press\/#organization"},"potentialAction":[{"@type":"SearchAction","target":{"@type":"EntryPoint","urlTemplate":"https:\/\/elcanillita.info\/press\/?s={search_term_string}"},"query-input":{"@type":"PropertyValueSpecification","valueRequired":true,"valueName":"search_term_string"}}],"inLanguage":"es-AR"},{"@type":"Organization","@id":"https:\/\/elcanillita.info\/press\/#organization","name":"Guzzo Photos & Graphic Publications","url":"https:\/\/elcanillita.info\/press\/","logo":{"@type":"ImageObject","inLanguage":"es-AR","@id":"https:\/\/elcanillita.info\/press\/#\/schema\/logo\/image\/","url":"https:\/\/elcanillita.info\/press\/images\/2020\/01\/cropped-cropped-cropped-elcanillitainfo.png","contentUrl":"https:\/\/elcanillita.info\/press\/images\/2020\/01\/cropped-cropped-cropped-elcanillitainfo.png","width":460,"height":50,"caption":"Guzzo Photos & Graphic Publications"},"image":{"@id":"https:\/\/elcanillita.info\/press\/#\/schema\/logo\/image\/"},"sameAs":["https:\/\/ar-ar.facebook.com\/ElCanillitainfo-114249515285712\/"]},{"@type":"Person","@id":"https:\/\/elcanillita.info\/press\/#\/schema\/person\/7fcb79f38045700919f7da6d97e71ba0","name":"SalaStampa.eu, world press service","image":{"@type":"ImageObject","inLanguage":"es-AR","@id":"https:\/\/secure.gravatar.com\/avatar\/c2f0e0d515a107624234994507816ca4724c7199cef73fc8bedebf6931d73888?s=96&d=mm&r=g","url":"https:\/\/secure.gravatar.com\/avatar\/c2f0e0d515a107624234994507816ca4724c7199cef73fc8bedebf6931d73888?s=96&d=mm&r=g","contentUrl":"https:\/\/secure.gravatar.com\/avatar\/c2f0e0d515a107624234994507816ca4724c7199cef73fc8bedebf6931d73888?s=96&d=mm&r=g","caption":"SalaStampa.eu, world press service"}}]}},"views":823,"_links":{"self":[{"href":"https:\/\/elcanillita.info\/press\/wp-json\/wp\/v2\/posts\/103","targetHints":{"allow":["GET"]}}],"collection":[{"href":"https:\/\/elcanillita.info\/press\/wp-json\/wp\/v2\/posts"}],"about":[{"href":"https:\/\/elcanillita.info\/press\/wp-json\/wp\/v2\/types\/post"}],"author":[{"embeddable":true,"href":"https:\/\/elcanillita.info\/press\/wp-json\/wp\/v2\/users\/1"}],"replies":[{"embeddable":true,"href":"https:\/\/elcanillita.info\/press\/wp-json\/wp\/v2\/comments?post=103"}],"version-history":[{"count":0,"href":"https:\/\/elcanillita.info\/press\/wp-json\/wp\/v2\/posts\/103\/revisions"}],"wp:attachment":[{"href":"https:\/\/elcanillita.info\/press\/wp-json\/wp\/v2\/media?parent=103"}],"wp:term":[{"taxonomy":"category","embeddable":true,"href":"https:\/\/elcanillita.info\/press\/wp-json\/wp\/v2\/categories?post=103"},{"taxonomy":"post_tag","embeddable":true,"href":"https:\/\/elcanillita.info\/press\/wp-json\/wp\/v2\/tags?post=103"}],"curies":[{"name":"wp","href":"https:\/\/api.w.org\/{rel}","templated":true}]}}