{"id":1013,"date":"2020-08-04T17:47:18","date_gmt":"2020-08-04T20:47:18","guid":{"rendered":"https:\/\/elcanillita.info\/press\/?p=1013"},"modified":"2020-08-04T21:33:38","modified_gmt":"2020-08-05T00:33:38","slug":"libano-sentencia-asesinato-hariri","status":"publish","type":"post","link":"https:\/\/elcanillita.info\/press\/2020\/08\/04\/libano-sentencia-asesinato-hariri\/","title":{"rendered":"L\u00edbano: se espera la sentencia del asesinato de Hariri para el 7 de Agosto, quince a\u00f1os y medio despu\u00e9s del ataque que desequilibr\u00f3 la regi\u00f3n"},"content":{"rendered":"\n<p>BEIRUT, 04.08.2020 &#8211; La sentencia esperada por el asesinato del ex primer ministro liban\u00e9s Rafiq Hariri, asesinado en Beirut el 14 de febrero, ser\u00e1 pronunciada el pr\u00f3ximo viernes por el Tribunal Especial para el L\u00edbano (TSL), con sede en La Haya desde el 2005 junto con otras 21 personas. Las repercusiones pol\u00edticas de ese crimen han cambiado profundamente el equilibrio regional.<\/p>\n\n\n\n<p>Cuatro acusados \u200b\u200ben ausencia est\u00e1n en rebeld\u00eda , todos miembros del movimiento liban\u00e9s chi\u00edta Hezbol\u00e1: Salim Ayash, Habib Merhi, Hussein Oneissi y Assaad Sabra.<\/p>\n\n\n\n<p>Tambi\u00e9n hubo un quinto acusado, Mustafa Badreddin, considerado el autor intelectual del ataque del D\u00eda de San Valent\u00edn, en Damasco en 2016. <\/p>\n\n\n\n<p>Los cinco est\u00e1n acusados \u200b\u200bde &#8220;complot terrorista y asesinato intencional&#8221; y otros cargos relacionados.<\/p>\n\n\n\n<p>El veredicto se espera 15 a\u00f1os despu\u00e9s del ataque de 2005; 13 a\u00f1os despu\u00e9s de la formaci\u00f3n de la TSL en 2007; once a\u00f1os despu\u00e9s del inicio de las obras en 2009; nueve a\u00f1os despu\u00e9s de la formulaci\u00f3n de las acusaciones; seis a\u00f1os despu\u00e9s de que comenzaran las audiencias en 2014 y aproximadamente dos a\u00f1os despu\u00e9s de que se cerraron en 2018.<\/p>\n\n\n\n<p>La sentencia se esperaba a mediados de Mayo, pero la crisis del coronavirus oblig\u00f3 a la TSL a posponer. El veredicto ser\u00e1 le\u00eddo, a trav\u00e9s de una conexi\u00f3n remota a Internet, por el presidente de la c\u00e1mara de primera instancia, el australiano David Re. <\/p>\n\n\n\n<p><small>Fuente: PanPress  \/ SalaStampaEu &#8211; ElCanillita.Info <\/small> <\/p>\n","protected":false},"excerpt":{"rendered":"<p>BEIRUT, 04.08.2020 &#8211; La sentencia esperada por el asesinato del ex primer ministro liban\u00e9s Rafiq Hariri, asesinado en Beirut el 14 de febrero, ser\u00e1 pronunciada el pr\u00f3ximo viernes por el Tribunal Especial para el L\u00edbano (TSL), con sede en La Haya desde el 2005 junto con otras 21 personas. Las repercusiones pol\u00edticas de ese crimen han cambiado profundamente el equilibrio regional.<\/p>\n","protected":false},"author":1,"featured_media":0,"comment_status":"closed","ping_status":"closed","sticky":false,"template":"","format":"standard","meta":{"footnotes":"","_links_to":"","_links_to_target":""},"categories":[70,15,25],"tags":[],"class_list":["post-1013","post","type-post","status-publish","format-standard","hentry","category-actualidad","category-medio-oriente","category-sociedad","entry","double"],"yoast_head":"<!-- This site is optimized with the Yoast SEO plugin v27.4 - https:\/\/yoast.com\/product\/yoast-seo-wordpress\/ -->\n<title>L\u00edbano: se espera la sentencia del asesinato de Hariri para el 7 de Agosto, quince a\u00f1os y medio despu\u00e9s del ataque que desequilibr\u00f3 la regi\u00f3n - ElCanillita.Info<\/title>\n<meta name=\"robots\" content=\"index, follow, max-snippet:-1, max-image-preview:large, max-video-preview:-1\" \/>\n<link rel=\"canonical\" href=\"https:\/\/elcanillita.info\/press\/2020\/08\/04\/libano-sentencia-asesinato-hariri\/\" \/>\n<meta property=\"og:locale\" content=\"es_ES\" \/>\n<meta property=\"og:type\" content=\"article\" \/>\n<meta property=\"og:title\" content=\"L\u00edbano: se espera la sentencia del asesinato de Hariri para el 7 de Agosto, quince a\u00f1os y medio despu\u00e9s del ataque que desequilibr\u00f3 la regi\u00f3n - ElCanillita.Info\" \/>\n<meta property=\"og:description\" content=\"BEIRUT, 04.08.2020 - La sentencia esperada por el asesinato del ex primer ministro liban\u00e9s Rafiq Hariri, asesinado en Beirut el 14 de febrero, ser\u00e1 pronunciada el pr\u00f3ximo viernes por el Tribunal Especial para el L\u00edbano (TSL), con sede en La Haya desde el 2005 junto con otras 21 personas. Las repercusiones pol\u00edticas de ese crimen han cambiado profundamente el equilibrio regional.\" \/>\n<meta property=\"og:url\" content=\"https:\/\/elcanillita.info\/press\/2020\/08\/04\/libano-sentencia-asesinato-hariri\/\" \/>\n<meta property=\"og:site_name\" content=\"ElCanillita.Info\" \/>\n<meta property=\"article:publisher\" content=\"https:\/\/ar-ar.facebook.com\/ElCanillitainfo-114249515285712\/\" \/>\n<meta property=\"article:published_time\" content=\"2020-08-04T20:47:18+00:00\" \/>\n<meta property=\"article:modified_time\" content=\"2020-08-05T00:33:38+00:00\" \/>\n<meta name=\"author\" content=\"SalaStampa.eu, world press service\" \/>\n<meta name=\"twitter:card\" content=\"summary_large_image\" \/>\n<meta name=\"twitter:label1\" content=\"Escrito por\" \/>\n\t<meta name=\"twitter:data1\" content=\"SalaStampa.eu, world press service\" \/>\n\t<meta name=\"twitter:label2\" content=\"Tiempo de lectura\" \/>\n\t<meta name=\"twitter:data2\" content=\"1 minuto\" \/>\n<script type=\"application\/ld+json\" class=\"yoast-schema-graph\">{\"@context\":\"https:\\\/\\\/schema.org\",\"@graph\":[{\"@type\":\"Article\",\"@id\":\"https:\\\/\\\/elcanillita.info\\\/press\\\/2020\\\/08\\\/04\\\/libano-sentencia-asesinato-hariri\\\/#article\",\"isPartOf\":{\"@id\":\"https:\\\/\\\/elcanillita.info\\\/press\\\/2020\\\/08\\\/04\\\/libano-sentencia-asesinato-hariri\\\/\"},\"author\":{\"name\":\"SalaStampa.eu, world press service\",\"@id\":\"https:\\\/\\\/elcanillita.info\\\/press\\\/#\\\/schema\\\/person\\\/7fcb79f38045700919f7da6d97e71ba0\"},\"headline\":\"L\u00edbano: se espera la sentencia del asesinato de Hariri para el 7 de Agosto, quince a\u00f1os y medio despu\u00e9s del ataque que desequilibr\u00f3 la regi\u00f3n\",\"datePublished\":\"2020-08-04T20:47:18+00:00\",\"dateModified\":\"2020-08-05T00:33:38+00:00\",\"mainEntityOfPage\":{\"@id\":\"https:\\\/\\\/elcanillita.info\\\/press\\\/2020\\\/08\\\/04\\\/libano-sentencia-asesinato-hariri\\\/\"},\"wordCount\":278,\"publisher\":{\"@id\":\"https:\\\/\\\/elcanillita.info\\\/press\\\/#organization\"},\"articleSection\":[\"Actualidad\",\"Medio Oriente\",\"Sociedad\"],\"inLanguage\":\"es-AR\"},{\"@type\":\"WebPage\",\"@id\":\"https:\\\/\\\/elcanillita.info\\\/press\\\/2020\\\/08\\\/04\\\/libano-sentencia-asesinato-hariri\\\/\",\"url\":\"https:\\\/\\\/elcanillita.info\\\/press\\\/2020\\\/08\\\/04\\\/libano-sentencia-asesinato-hariri\\\/\",\"name\":\"L\u00edbano: se espera la sentencia del asesinato de Hariri para el 7 de Agosto, quince a\u00f1os y medio despu\u00e9s del ataque que desequilibr\u00f3 la regi\u00f3n - ElCanillita.Info\",\"isPartOf\":{\"@id\":\"https:\\\/\\\/elcanillita.info\\\/press\\\/#website\"},\"datePublished\":\"2020-08-04T20:47:18+00:00\",\"dateModified\":\"2020-08-05T00:33:38+00:00\",\"inLanguage\":\"es-AR\",\"potentialAction\":[{\"@type\":\"ReadAction\",\"target\":[\"https:\\\/\\\/elcanillita.info\\\/press\\\/2020\\\/08\\\/04\\\/libano-sentencia-asesinato-hariri\\\/\"]}]},{\"@type\":\"WebSite\",\"@id\":\"https:\\\/\\\/elcanillita.info\\\/press\\\/#website\",\"url\":\"https:\\\/\\\/elcanillita.info\\\/press\\\/\",\"name\":\"ElCanillita.Info\",\"description\":\"desde los Apeninos a los Andes\",\"publisher\":{\"@id\":\"https:\\\/\\\/elcanillita.info\\\/press\\\/#organization\"},\"potentialAction\":[{\"@type\":\"SearchAction\",\"target\":{\"@type\":\"EntryPoint\",\"urlTemplate\":\"https:\\\/\\\/elcanillita.info\\\/press\\\/?s={search_term_string}\"},\"query-input\":{\"@type\":\"PropertyValueSpecification\",\"valueRequired\":true,\"valueName\":\"search_term_string\"}}],\"inLanguage\":\"es-AR\"},{\"@type\":\"Organization\",\"@id\":\"https:\\\/\\\/elcanillita.info\\\/press\\\/#organization\",\"name\":\"Guzzo Photos & Graphic Publications\",\"url\":\"https:\\\/\\\/elcanillita.info\\\/press\\\/\",\"logo\":{\"@type\":\"ImageObject\",\"inLanguage\":\"es-AR\",\"@id\":\"https:\\\/\\\/elcanillita.info\\\/press\\\/#\\\/schema\\\/logo\\\/image\\\/\",\"url\":\"https:\\\/\\\/elcanillita.info\\\/press\\\/images\\\/2020\\\/01\\\/cropped-cropped-cropped-elcanillitainfo.png\",\"contentUrl\":\"https:\\\/\\\/elcanillita.info\\\/press\\\/images\\\/2020\\\/01\\\/cropped-cropped-cropped-elcanillitainfo.png\",\"width\":460,\"height\":50,\"caption\":\"Guzzo Photos & Graphic Publications\"},\"image\":{\"@id\":\"https:\\\/\\\/elcanillita.info\\\/press\\\/#\\\/schema\\\/logo\\\/image\\\/\"},\"sameAs\":[\"https:\\\/\\\/ar-ar.facebook.com\\\/ElCanillitainfo-114249515285712\\\/\"]},{\"@type\":\"Person\",\"@id\":\"https:\\\/\\\/elcanillita.info\\\/press\\\/#\\\/schema\\\/person\\\/7fcb79f38045700919f7da6d97e71ba0\",\"name\":\"SalaStampa.eu, world press service\",\"image\":{\"@type\":\"ImageObject\",\"inLanguage\":\"es-AR\",\"@id\":\"https:\\\/\\\/secure.gravatar.com\\\/avatar\\\/c2f0e0d515a107624234994507816ca4724c7199cef73fc8bedebf6931d73888?s=96&d=mm&r=g\",\"url\":\"https:\\\/\\\/secure.gravatar.com\\\/avatar\\\/c2f0e0d515a107624234994507816ca4724c7199cef73fc8bedebf6931d73888?s=96&d=mm&r=g\",\"contentUrl\":\"https:\\\/\\\/secure.gravatar.com\\\/avatar\\\/c2f0e0d515a107624234994507816ca4724c7199cef73fc8bedebf6931d73888?s=96&d=mm&r=g\",\"caption\":\"SalaStampa.eu, world press service\"}}]}<\/script>\n<!-- \/ Yoast SEO plugin. -->","yoast_head_json":{"title":"L\u00edbano: se espera la sentencia del asesinato de Hariri para el 7 de Agosto, quince a\u00f1os y medio despu\u00e9s del ataque que desequilibr\u00f3 la regi\u00f3n - ElCanillita.Info","robots":{"index":"index","follow":"follow","max-snippet":"max-snippet:-1","max-image-preview":"max-image-preview:large","max-video-preview":"max-video-preview:-1"},"canonical":"https:\/\/elcanillita.info\/press\/2020\/08\/04\/libano-sentencia-asesinato-hariri\/","og_locale":"es_ES","og_type":"article","og_title":"L\u00edbano: se espera la sentencia del asesinato de Hariri para el 7 de Agosto, quince a\u00f1os y medio despu\u00e9s del ataque que desequilibr\u00f3 la regi\u00f3n - ElCanillita.Info","og_description":"BEIRUT, 04.08.2020 - La sentencia esperada por el asesinato del ex primer ministro liban\u00e9s Rafiq Hariri, asesinado en Beirut el 14 de febrero, ser\u00e1 pronunciada el pr\u00f3ximo viernes por el Tribunal Especial para el L\u00edbano (TSL), con sede en La Haya desde el 2005 junto con otras 21 personas. Las repercusiones pol\u00edticas de ese crimen han cambiado profundamente el equilibrio regional.","og_url":"https:\/\/elcanillita.info\/press\/2020\/08\/04\/libano-sentencia-asesinato-hariri\/","og_site_name":"ElCanillita.Info","article_publisher":"https:\/\/ar-ar.facebook.com\/ElCanillitainfo-114249515285712\/","article_published_time":"2020-08-04T20:47:18+00:00","article_modified_time":"2020-08-05T00:33:38+00:00","author":"SalaStampa.eu, world press service","twitter_card":"summary_large_image","twitter_misc":{"Escrito por":"SalaStampa.eu, world press service","Tiempo de lectura":"1 minuto"},"schema":{"@context":"https:\/\/schema.org","@graph":[{"@type":"Article","@id":"https:\/\/elcanillita.info\/press\/2020\/08\/04\/libano-sentencia-asesinato-hariri\/#article","isPartOf":{"@id":"https:\/\/elcanillita.info\/press\/2020\/08\/04\/libano-sentencia-asesinato-hariri\/"},"author":{"name":"SalaStampa.eu, world press service","@id":"https:\/\/elcanillita.info\/press\/#\/schema\/person\/7fcb79f38045700919f7da6d97e71ba0"},"headline":"L\u00edbano: se espera la sentencia del asesinato de Hariri para el 7 de Agosto, quince a\u00f1os y medio despu\u00e9s del ataque que desequilibr\u00f3 la regi\u00f3n","datePublished":"2020-08-04T20:47:18+00:00","dateModified":"2020-08-05T00:33:38+00:00","mainEntityOfPage":{"@id":"https:\/\/elcanillita.info\/press\/2020\/08\/04\/libano-sentencia-asesinato-hariri\/"},"wordCount":278,"publisher":{"@id":"https:\/\/elcanillita.info\/press\/#organization"},"articleSection":["Actualidad","Medio Oriente","Sociedad"],"inLanguage":"es-AR"},{"@type":"WebPage","@id":"https:\/\/elcanillita.info\/press\/2020\/08\/04\/libano-sentencia-asesinato-hariri\/","url":"https:\/\/elcanillita.info\/press\/2020\/08\/04\/libano-sentencia-asesinato-hariri\/","name":"L\u00edbano: se espera la sentencia del asesinato de Hariri para el 7 de Agosto, quince a\u00f1os y medio despu\u00e9s del ataque que desequilibr\u00f3 la regi\u00f3n - ElCanillita.Info","isPartOf":{"@id":"https:\/\/elcanillita.info\/press\/#website"},"datePublished":"2020-08-04T20:47:18+00:00","dateModified":"2020-08-05T00:33:38+00:00","inLanguage":"es-AR","potentialAction":[{"@type":"ReadAction","target":["https:\/\/elcanillita.info\/press\/2020\/08\/04\/libano-sentencia-asesinato-hariri\/"]}]},{"@type":"WebSite","@id":"https:\/\/elcanillita.info\/press\/#website","url":"https:\/\/elcanillita.info\/press\/","name":"ElCanillita.Info","description":"desde los Apeninos a los Andes","publisher":{"@id":"https:\/\/elcanillita.info\/press\/#organization"},"potentialAction":[{"@type":"SearchAction","target":{"@type":"EntryPoint","urlTemplate":"https:\/\/elcanillita.info\/press\/?s={search_term_string}"},"query-input":{"@type":"PropertyValueSpecification","valueRequired":true,"valueName":"search_term_string"}}],"inLanguage":"es-AR"},{"@type":"Organization","@id":"https:\/\/elcanillita.info\/press\/#organization","name":"Guzzo Photos & Graphic Publications","url":"https:\/\/elcanillita.info\/press\/","logo":{"@type":"ImageObject","inLanguage":"es-AR","@id":"https:\/\/elcanillita.info\/press\/#\/schema\/logo\/image\/","url":"https:\/\/elcanillita.info\/press\/images\/2020\/01\/cropped-cropped-cropped-elcanillitainfo.png","contentUrl":"https:\/\/elcanillita.info\/press\/images\/2020\/01\/cropped-cropped-cropped-elcanillitainfo.png","width":460,"height":50,"caption":"Guzzo Photos & Graphic Publications"},"image":{"@id":"https:\/\/elcanillita.info\/press\/#\/schema\/logo\/image\/"},"sameAs":["https:\/\/ar-ar.facebook.com\/ElCanillitainfo-114249515285712\/"]},{"@type":"Person","@id":"https:\/\/elcanillita.info\/press\/#\/schema\/person\/7fcb79f38045700919f7da6d97e71ba0","name":"SalaStampa.eu, world press service","image":{"@type":"ImageObject","inLanguage":"es-AR","@id":"https:\/\/secure.gravatar.com\/avatar\/c2f0e0d515a107624234994507816ca4724c7199cef73fc8bedebf6931d73888?s=96&d=mm&r=g","url":"https:\/\/secure.gravatar.com\/avatar\/c2f0e0d515a107624234994507816ca4724c7199cef73fc8bedebf6931d73888?s=96&d=mm&r=g","contentUrl":"https:\/\/secure.gravatar.com\/avatar\/c2f0e0d515a107624234994507816ca4724c7199cef73fc8bedebf6931d73888?s=96&d=mm&r=g","caption":"SalaStampa.eu, world press service"}}]}},"views":740,"_links":{"self":[{"href":"https:\/\/elcanillita.info\/press\/wp-json\/wp\/v2\/posts\/1013","targetHints":{"allow":["GET"]}}],"collection":[{"href":"https:\/\/elcanillita.info\/press\/wp-json\/wp\/v2\/posts"}],"about":[{"href":"https:\/\/elcanillita.info\/press\/wp-json\/wp\/v2\/types\/post"}],"author":[{"embeddable":true,"href":"https:\/\/elcanillita.info\/press\/wp-json\/wp\/v2\/users\/1"}],"replies":[{"embeddable":true,"href":"https:\/\/elcanillita.info\/press\/wp-json\/wp\/v2\/comments?post=1013"}],"version-history":[{"count":0,"href":"https:\/\/elcanillita.info\/press\/wp-json\/wp\/v2\/posts\/1013\/revisions"}],"wp:attachment":[{"href":"https:\/\/elcanillita.info\/press\/wp-json\/wp\/v2\/media?parent=1013"}],"wp:term":[{"taxonomy":"category","embeddable":true,"href":"https:\/\/elcanillita.info\/press\/wp-json\/wp\/v2\/categories?post=1013"},{"taxonomy":"post_tag","embeddable":true,"href":"https:\/\/elcanillita.info\/press\/wp-json\/wp\/v2\/tags?post=1013"}],"curies":[{"name":"wp","href":"https:\/\/api.w.org\/{rel}","templated":true}]}}