{"id":1006,"date":"2020-08-04T07:41:57","date_gmt":"2020-08-04T10:41:57","guid":{"rendered":"https:\/\/elcanillita.info\/press\/?p=1006"},"modified":"2020-08-04T21:24:43","modified_gmt":"2020-08-05T00:24:43","slug":"posible-extradicion-alex-saab-usa","status":"publish","type":"post","link":"https:\/\/elcanillita.info\/press\/2020\/08\/04\/posible-extradicion-alex-saab-usa\/","title":{"rendered":"\u00bfPor qu\u00e9 la posible extradici\u00f3n de Alex Saab a EE.UU. es tan relevante para el madurismo?"},"content":{"rendered":"\n<p>Por Gustavo Ocando Alex<br> Redacci\u00f3n VOA &#8211; 30 Julio 2020  <br>Maracaibo, Venezuela. &#8211; El inminente fallo de la justicia de Cabo Verde sobre el \u00faltimo recurso de la defensa del empresario Alex Saab, detenido en junio en la naci\u00f3n africana, ha puesto nuevamente en relieve el inter\u00e9s en el caso del gobierno en disputa de Nicol\u00e1s Maduro, que admite haber gestionado apoyo diplom\u00e1tico para su liberaci\u00f3n.<\/p>\n\n\n\n<p>Las autoridades de la isla de Sal detuvieron el 12 de junio a Saab, un abogado y empresario de nacionalidad colombiana, cuando su avi\u00f3n privado se detuvo para repostar durante su trayecto desde Venezuela hasta Ir\u00e1n.<\/p>\n\n\n\n<p>El gobierno de Cabo Verde explic\u00f3 que lo detuvo porque hab\u00eda una alerta roja de Interpol en su contra desde julio de 2019, cuando fiscales de Estados Unidos acusaron a Saab y a otro empresario colombiano de lavado de dinero y sobornos entre 2011 y 2015.<\/p>\n\n\n\n<p>Periodistas de investigaci\u00f3n del medio digital venezolano Armando.Info documentaron desde 2015 c\u00f3mo Saab construy\u00f3 una red de negocios milmillonarios de construcci\u00f3n de viviendas, explotaci\u00f3n de petr\u00f3leo e importaci\u00f3n a Venezuela de alimentos y productos para el programa estatal CLAP.<\/p>\n\n\n\n<p>Saab tambi\u00e9n es considerado una especie de embajador comercial del chavismo y el art\u00edfice principal de la rebeli\u00f3n de diputados opositores contra el presidente interino y del Parlamento, Juan Guaid\u00f3, seg\u00fan los reportajes.<\/p>\n\n\n\n<p>Las denuncias lo presentan como \u201cel gran contratista\u201d y posible testaferro de la familia de Maduro. El Departamento del Tesoro estadounidense lo sancion\u00f3 en 2019 por presuntamente liderar una vasta red de corrupci\u00f3n.<\/p>\n\n\n\n<p>Estados Unidos, cuyos voceros diplom\u00e1ticos y penales han guardado silencio en p\u00fablico sobre el caso, solicit\u00f3 su extradici\u00f3n a los pocos d\u00edas de su detenci\u00f3n.<br><strong><br> \u00bfPuede EE.UU. extraditar a Alex Saab sin tratado de extradici\u00f3n con Cabo Verde?<\/strong><br> La ausencia de un tratado de extradici\u00f3n entre Cabo Verde y Estados Unidos no impide que Alex Saab sea tra\u00eddo ante la justicia estadounidense, aseguran expertos, sin importar el momento en el que se emiti\u00f3 la alerta de Interpol.<\/p>\n\n\n\n<p>Su defensa entreg\u00f3 hace d\u00edas un documento de 60 p\u00e1ginas al Supremo de Cabo Verde, donde denuncia la violaci\u00f3n del principio de lealtad en el proceso, acusa a Estados Unidos de \u201cfalsedad integral\u201d y argumenta que Saab tiene estatus de agente especial de Venezuela.<\/p>\n\n\n\n<p>La sentencia de fondo se conocer\u00e1 este viernes, de acuerdo con publicaciones de peri\u00f3dicos como El Tiempo, de Colombia. El fallo ser\u00e1 clave para determinar su eventual extradici\u00f3n a Estados Unidos.<br><strong><br> Presiones y acuerdos<\/strong><\/p>\n\n\n\n<p>El canciller de Maduro, Jorge Arreaza, dijo este mi\u00e9rcoles que su gobierno brinda \u201capoyo a la defensa\u201d y precis\u00f3 que est\u00e1 atento a sus condiciones de reclusi\u00f3n mediante \u201cvisitas consulares\u201d, como lo har\u00eda con cualquier venezolano privado de libertad fuera del pa\u00eds. El trato es distinto al com\u00fan, sin embargo.<\/p>\n\n\n\n<p>Arreaza divulg\u00f3 un comunicado en el que conden\u00f3 la \u201cdetenci\u00f3n arbitraria\u201d de Saab, de 48 a\u00f1os, nacido en Barranquilla, y aleg\u00f3 que viajaba como \u201cagente\u201d del Estado venezolano en busca de suministros para combatir la COVID-19.<\/p>\n\n\n\n<p>Mar\u00eda Alexandra Sempr\u00fan, experta en ciencias pol\u00edticas y profesora de la Universidad Rafael Urdaneta, da por sentado que existe temor en el Palacio de Miraflores sobre las revelaciones que Saab har\u00eda a Estados Unidos a cambio de una conmutaci\u00f3n de su eventual condena, si Cabo Verde lo extradita.<\/p>\n\n\n\n<p>\u201cSaab va a estar a puertas cerradas con la justicia norteamericana y en Estados Unidos existe la negociaci\u00f3n entre su fiscal\u00eda y sus acusados. La presi\u00f3n de estar encarcelado all\u00ed es muy fuerte\u201d, analiza en entrevista con la Voz de Am\u00e9rica.<\/p>\n\n\n\n<p>Sempr\u00fan resalta que la destreza de los interrogatorios realizados por fiscales y agentes de la justicia estadounidense goza de prestigio mundial, a\u00fan m\u00e1s cuando existen evidencias firmes de fraudes, lavado de dinero y narcotr\u00e1fico.<\/p>\n\n\n\n<p>\u201cEse miedo a lo que se pueda develar puede ser lo que haya inducido al gobierno venezolano a mover hasta la canciller\u00eda\u201d, expone.<\/p>\n\n\n\n<p>Valora como un \u201cerror imperdonable\u201d que la diplomacia venezolana se dedique abierta y activamente a procurar la liberaci\u00f3n del ciudadano de otra naci\u00f3n.<\/p>\n\n\n\n<p>\u201c\u00bfQu\u00e9 hace un ministerio venezolano interviniendo por un ciudadano colombiano? Hay una contradicci\u00f3n de derecho internacional. No es un organismo en defensa de los derechos humanos; es la canciller\u00eda venezolana en favor de un nacional de otro pa\u00eds. Es absurdo. No tiene sentido jur\u00eddico\u201d, opina.<\/p>\n\n\n\n<p>El madurismo tambi\u00e9n intenta frenar la eventual extradici\u00f3n de Saab a Estados Unidos por \u201cpseudo orgullo nacionalista\u201d, a juicio de Giulio Cellini, abogado de la Universidad Cat\u00f3lica Andr\u00e9s Bello y experto en relaciones internacionales.<br>  <br> <strong>Caso \u00c1lex Saab: Cabo Verde en el fuego cruzado de la presi\u00f3n internacional<\/strong><br> El gobierno de Estados Unidos tiene un plazo m\u00e1ximo de 40 d\u00edas para solicitar la extradici\u00f3n de Alex Saab, acusado por la justicia estadounidense de lavado de activos.<\/p>\n\n\n\n<p>\u201cEn el orden pol\u00edtico ser\u00eda una derrota para el chavismo\u201d, declara a la VOA Cellini, quien, adem\u00e1s, nota preocupaci\u00f3n en Caracas sobre la posible colaboraci\u00f3n de Saab con la justicia estadounidense en cuanto a detalles de los negocios y conexiones pol\u00edticas de otros jerarcas chavistas.<\/p>\n\n\n\n<p>Se dice impresionado por el despliegue diplom\u00e1tico de Venezuela para defender a Saab. Califica de \u201cbochorno\u201d esas gestiones de Arreaza y Maduro.<\/p>\n\n\n\n<p>\u201cDejan muy mal parado no solamente al se\u00f1or Arreaza, sino a nuestro pa\u00eds, que se est\u00e1 presentando ante el mundo como un pa\u00eds defensor de una persona imputada por delitos de blanqueo de capitales y corrupci\u00f3n. Es una verg\u00fcenza\u201d, dice.<\/p>\n\n\n\n<p>Comenta que es altamente inusual que el m\u00e1ximo responsable de la diplomacia venezolana realice tales diligencias ante Cabo Verde. Opina que el estatus de agente del Estado para Saab es un \u201cabsurdo\u201d por su nacionalidad colombiana.<\/p>\n\n\n\n<p>\u201cEs una persona que no representa los intereses del pa\u00eds, sino de un grupo de personas unidas por intereses econ\u00f3micos y corruptos\u201d, remarca, antes de prever que la extradici\u00f3n de Saab constituir\u00eda \u201cun golpe fuerte\u201d a Maduro.<br><br>\n<small>\u00a9 2020 SalaStampa.Eu  afiliada a USAGM \/ BBG<\/small><\/p>\n","protected":false},"excerpt":{"rendered":"<p>MARACAIBO, VENEZUELA. El canciller venezolano, Jorge Arreaza, dijo que su gobierno brinda \u201capoyo a la defensa\u201d y precis\u00f3 que est\u00e1 atento a sus condiciones de reclusi\u00f3n.<\/p>\n","protected":false},"author":1,"featured_media":1016,"comment_status":"closed","ping_status":"closed","sticky":false,"template":"","format":"standard","meta":{"footnotes":"","_links_to":"","_links_to_target":""},"categories":[70,11,22,25],"tags":[37],"class_list":["post-1006","post","type-post","status-publish","format-standard","has-post-thumbnail","hentry","category-actualidad","category-america-del-sur","category-justicia","category-sociedad","tag-venezuela","entry","double"],"yoast_head":"<!-- This site is optimized with the Yoast SEO plugin v27.4 - https:\/\/yoast.com\/product\/yoast-seo-wordpress\/ -->\n<title>\u00bfPor qu\u00e9 la posible extradici\u00f3n de Alex Saab a EE.UU. es tan relevante para el madurismo? - ElCanillita.Info<\/title>\n<meta name=\"robots\" content=\"index, follow, max-snippet:-1, max-image-preview:large, max-video-preview:-1\" \/>\n<link rel=\"canonical\" href=\"https:\/\/elcanillita.info\/press\/2020\/08\/04\/posible-extradicion-alex-saab-usa\/\" \/>\n<meta property=\"og:locale\" content=\"es_ES\" \/>\n<meta property=\"og:type\" content=\"article\" \/>\n<meta property=\"og:title\" content=\"\u00bfPor qu\u00e9 la posible extradici\u00f3n de Alex Saab a EE.UU. es tan relevante para el madurismo? - ElCanillita.Info\" \/>\n<meta property=\"og:description\" content=\"MARACAIBO, VENEZUELA. El canciller venezolano, Jorge Arreaza, dijo que su gobierno brinda \u201capoyo a la defensa\u201d y precis\u00f3 que est\u00e1 atento a sus condiciones de reclusi\u00f3n.\" \/>\n<meta property=\"og:url\" content=\"https:\/\/elcanillita.info\/press\/2020\/08\/04\/posible-extradicion-alex-saab-usa\/\" \/>\n<meta property=\"og:site_name\" content=\"ElCanillita.Info\" \/>\n<meta property=\"article:publisher\" content=\"https:\/\/ar-ar.facebook.com\/ElCanillitainfo-114249515285712\/\" \/>\n<meta property=\"article:published_time\" content=\"2020-08-04T10:41:57+00:00\" \/>\n<meta property=\"article:modified_time\" content=\"2020-08-05T00:24:43+00:00\" \/>\n<meta property=\"og:image\" content=\"https:\/\/elcanillita.info\/press\/images\/2020\/08\/palacio-justicia.jpg\" \/>\n\t<meta property=\"og:image:width\" content=\"892\" \/>\n\t<meta property=\"og:image:height\" content=\"501\" \/>\n\t<meta property=\"og:image:type\" content=\"image\/jpeg\" \/>\n<meta name=\"author\" content=\"SalaStampa.eu, world press service\" \/>\n<meta name=\"twitter:card\" content=\"summary_large_image\" \/>\n<meta name=\"twitter:label1\" content=\"Escrito por\" \/>\n\t<meta name=\"twitter:data1\" content=\"SalaStampa.eu, world press service\" \/>\n\t<meta name=\"twitter:label2\" content=\"Tiempo de lectura\" \/>\n\t<meta name=\"twitter:data2\" content=\"5 minutos\" \/>\n<script type=\"application\/ld+json\" class=\"yoast-schema-graph\">{\"@context\":\"https:\\\/\\\/schema.org\",\"@graph\":[{\"@type\":\"Article\",\"@id\":\"https:\\\/\\\/elcanillita.info\\\/press\\\/2020\\\/08\\\/04\\\/posible-extradicion-alex-saab-usa\\\/#article\",\"isPartOf\":{\"@id\":\"https:\\\/\\\/elcanillita.info\\\/press\\\/2020\\\/08\\\/04\\\/posible-extradicion-alex-saab-usa\\\/\"},\"author\":{\"name\":\"SalaStampa.eu, world press service\",\"@id\":\"https:\\\/\\\/elcanillita.info\\\/press\\\/#\\\/schema\\\/person\\\/7fcb79f38045700919f7da6d97e71ba0\"},\"headline\":\"\u00bfPor qu\u00e9 la posible extradici\u00f3n de Alex Saab a EE.UU. es tan relevante para el madurismo?\",\"datePublished\":\"2020-08-04T10:41:57+00:00\",\"dateModified\":\"2020-08-05T00:24:43+00:00\",\"mainEntityOfPage\":{\"@id\":\"https:\\\/\\\/elcanillita.info\\\/press\\\/2020\\\/08\\\/04\\\/posible-extradicion-alex-saab-usa\\\/\"},\"wordCount\":1063,\"publisher\":{\"@id\":\"https:\\\/\\\/elcanillita.info\\\/press\\\/#organization\"},\"image\":{\"@id\":\"https:\\\/\\\/elcanillita.info\\\/press\\\/2020\\\/08\\\/04\\\/posible-extradicion-alex-saab-usa\\\/#primaryimage\"},\"thumbnailUrl\":\"https:\\\/\\\/elcanillita.info\\\/press\\\/images\\\/2020\\\/08\\\/palacio-justicia.jpg\",\"keywords\":[\"Venezuela\"],\"articleSection\":[\"Actualidad\",\"Am\u00e9rica del Sur\",\"Justicia\",\"Sociedad\"],\"inLanguage\":\"es-AR\"},{\"@type\":\"WebPage\",\"@id\":\"https:\\\/\\\/elcanillita.info\\\/press\\\/2020\\\/08\\\/04\\\/posible-extradicion-alex-saab-usa\\\/\",\"url\":\"https:\\\/\\\/elcanillita.info\\\/press\\\/2020\\\/08\\\/04\\\/posible-extradicion-alex-saab-usa\\\/\",\"name\":\"\u00bfPor qu\u00e9 la posible extradici\u00f3n de Alex Saab a EE.UU. es tan relevante para el madurismo? - ElCanillita.Info\",\"isPartOf\":{\"@id\":\"https:\\\/\\\/elcanillita.info\\\/press\\\/#website\"},\"primaryImageOfPage\":{\"@id\":\"https:\\\/\\\/elcanillita.info\\\/press\\\/2020\\\/08\\\/04\\\/posible-extradicion-alex-saab-usa\\\/#primaryimage\"},\"image\":{\"@id\":\"https:\\\/\\\/elcanillita.info\\\/press\\\/2020\\\/08\\\/04\\\/posible-extradicion-alex-saab-usa\\\/#primaryimage\"},\"thumbnailUrl\":\"https:\\\/\\\/elcanillita.info\\\/press\\\/images\\\/2020\\\/08\\\/palacio-justicia.jpg\",\"datePublished\":\"2020-08-04T10:41:57+00:00\",\"dateModified\":\"2020-08-05T00:24:43+00:00\",\"inLanguage\":\"es-AR\",\"potentialAction\":[{\"@type\":\"ReadAction\",\"target\":[\"https:\\\/\\\/elcanillita.info\\\/press\\\/2020\\\/08\\\/04\\\/posible-extradicion-alex-saab-usa\\\/\"]}]},{\"@type\":\"ImageObject\",\"inLanguage\":\"es-AR\",\"@id\":\"https:\\\/\\\/elcanillita.info\\\/press\\\/2020\\\/08\\\/04\\\/posible-extradicion-alex-saab-usa\\\/#primaryimage\",\"url\":\"https:\\\/\\\/elcanillita.info\\\/press\\\/images\\\/2020\\\/08\\\/palacio-justicia.jpg\",\"contentUrl\":\"https:\\\/\\\/elcanillita.info\\\/press\\\/images\\\/2020\\\/08\\\/palacio-justicia.jpg\",\"width\":892,\"height\":501},{\"@type\":\"WebSite\",\"@id\":\"https:\\\/\\\/elcanillita.info\\\/press\\\/#website\",\"url\":\"https:\\\/\\\/elcanillita.info\\\/press\\\/\",\"name\":\"ElCanillita.Info\",\"description\":\"desde los Apeninos a los Andes\",\"publisher\":{\"@id\":\"https:\\\/\\\/elcanillita.info\\\/press\\\/#organization\"},\"potentialAction\":[{\"@type\":\"SearchAction\",\"target\":{\"@type\":\"EntryPoint\",\"urlTemplate\":\"https:\\\/\\\/elcanillita.info\\\/press\\\/?s={search_term_string}\"},\"query-input\":{\"@type\":\"PropertyValueSpecification\",\"valueRequired\":true,\"valueName\":\"search_term_string\"}}],\"inLanguage\":\"es-AR\"},{\"@type\":\"Organization\",\"@id\":\"https:\\\/\\\/elcanillita.info\\\/press\\\/#organization\",\"name\":\"Guzzo Photos & Graphic Publications\",\"url\":\"https:\\\/\\\/elcanillita.info\\\/press\\\/\",\"logo\":{\"@type\":\"ImageObject\",\"inLanguage\":\"es-AR\",\"@id\":\"https:\\\/\\\/elcanillita.info\\\/press\\\/#\\\/schema\\\/logo\\\/image\\\/\",\"url\":\"https:\\\/\\\/elcanillita.info\\\/press\\\/images\\\/2020\\\/01\\\/cropped-cropped-cropped-elcanillitainfo.png\",\"contentUrl\":\"https:\\\/\\\/elcanillita.info\\\/press\\\/images\\\/2020\\\/01\\\/cropped-cropped-cropped-elcanillitainfo.png\",\"width\":460,\"height\":50,\"caption\":\"Guzzo Photos & Graphic Publications\"},\"image\":{\"@id\":\"https:\\\/\\\/elcanillita.info\\\/press\\\/#\\\/schema\\\/logo\\\/image\\\/\"},\"sameAs\":[\"https:\\\/\\\/ar-ar.facebook.com\\\/ElCanillitainfo-114249515285712\\\/\"]},{\"@type\":\"Person\",\"@id\":\"https:\\\/\\\/elcanillita.info\\\/press\\\/#\\\/schema\\\/person\\\/7fcb79f38045700919f7da6d97e71ba0\",\"name\":\"SalaStampa.eu, world press service\",\"image\":{\"@type\":\"ImageObject\",\"inLanguage\":\"es-AR\",\"@id\":\"https:\\\/\\\/secure.gravatar.com\\\/avatar\\\/c2f0e0d515a107624234994507816ca4724c7199cef73fc8bedebf6931d73888?s=96&d=mm&r=g\",\"url\":\"https:\\\/\\\/secure.gravatar.com\\\/avatar\\\/c2f0e0d515a107624234994507816ca4724c7199cef73fc8bedebf6931d73888?s=96&d=mm&r=g\",\"contentUrl\":\"https:\\\/\\\/secure.gravatar.com\\\/avatar\\\/c2f0e0d515a107624234994507816ca4724c7199cef73fc8bedebf6931d73888?s=96&d=mm&r=g\",\"caption\":\"SalaStampa.eu, world press service\"}}]}<\/script>\n<!-- \/ Yoast SEO plugin. -->","yoast_head_json":{"title":"\u00bfPor qu\u00e9 la posible extradici\u00f3n de Alex Saab a EE.UU. es tan relevante para el madurismo? - ElCanillita.Info","robots":{"index":"index","follow":"follow","max-snippet":"max-snippet:-1","max-image-preview":"max-image-preview:large","max-video-preview":"max-video-preview:-1"},"canonical":"https:\/\/elcanillita.info\/press\/2020\/08\/04\/posible-extradicion-alex-saab-usa\/","og_locale":"es_ES","og_type":"article","og_title":"\u00bfPor qu\u00e9 la posible extradici\u00f3n de Alex Saab a EE.UU. es tan relevante para el madurismo? - ElCanillita.Info","og_description":"MARACAIBO, VENEZUELA. El canciller venezolano, Jorge Arreaza, dijo que su gobierno brinda \u201capoyo a la defensa\u201d y precis\u00f3 que est\u00e1 atento a sus condiciones de reclusi\u00f3n.","og_url":"https:\/\/elcanillita.info\/press\/2020\/08\/04\/posible-extradicion-alex-saab-usa\/","og_site_name":"ElCanillita.Info","article_publisher":"https:\/\/ar-ar.facebook.com\/ElCanillitainfo-114249515285712\/","article_published_time":"2020-08-04T10:41:57+00:00","article_modified_time":"2020-08-05T00:24:43+00:00","og_image":[{"width":892,"height":501,"url":"https:\/\/elcanillita.info\/press\/images\/2020\/08\/palacio-justicia.jpg","type":"image\/jpeg"}],"author":"SalaStampa.eu, world press service","twitter_card":"summary_large_image","twitter_misc":{"Escrito por":"SalaStampa.eu, world press service","Tiempo de lectura":"5 minutos"},"schema":{"@context":"https:\/\/schema.org","@graph":[{"@type":"Article","@id":"https:\/\/elcanillita.info\/press\/2020\/08\/04\/posible-extradicion-alex-saab-usa\/#article","isPartOf":{"@id":"https:\/\/elcanillita.info\/press\/2020\/08\/04\/posible-extradicion-alex-saab-usa\/"},"author":{"name":"SalaStampa.eu, world press service","@id":"https:\/\/elcanillita.info\/press\/#\/schema\/person\/7fcb79f38045700919f7da6d97e71ba0"},"headline":"\u00bfPor qu\u00e9 la posible extradici\u00f3n de Alex Saab a EE.UU. es tan relevante para el madurismo?","datePublished":"2020-08-04T10:41:57+00:00","dateModified":"2020-08-05T00:24:43+00:00","mainEntityOfPage":{"@id":"https:\/\/elcanillita.info\/press\/2020\/08\/04\/posible-extradicion-alex-saab-usa\/"},"wordCount":1063,"publisher":{"@id":"https:\/\/elcanillita.info\/press\/#organization"},"image":{"@id":"https:\/\/elcanillita.info\/press\/2020\/08\/04\/posible-extradicion-alex-saab-usa\/#primaryimage"},"thumbnailUrl":"https:\/\/elcanillita.info\/press\/images\/2020\/08\/palacio-justicia.jpg","keywords":["Venezuela"],"articleSection":["Actualidad","Am\u00e9rica del Sur","Justicia","Sociedad"],"inLanguage":"es-AR"},{"@type":"WebPage","@id":"https:\/\/elcanillita.info\/press\/2020\/08\/04\/posible-extradicion-alex-saab-usa\/","url":"https:\/\/elcanillita.info\/press\/2020\/08\/04\/posible-extradicion-alex-saab-usa\/","name":"\u00bfPor qu\u00e9 la posible extradici\u00f3n de Alex Saab a EE.UU. es tan relevante para el madurismo? - ElCanillita.Info","isPartOf":{"@id":"https:\/\/elcanillita.info\/press\/#website"},"primaryImageOfPage":{"@id":"https:\/\/elcanillita.info\/press\/2020\/08\/04\/posible-extradicion-alex-saab-usa\/#primaryimage"},"image":{"@id":"https:\/\/elcanillita.info\/press\/2020\/08\/04\/posible-extradicion-alex-saab-usa\/#primaryimage"},"thumbnailUrl":"https:\/\/elcanillita.info\/press\/images\/2020\/08\/palacio-justicia.jpg","datePublished":"2020-08-04T10:41:57+00:00","dateModified":"2020-08-05T00:24:43+00:00","inLanguage":"es-AR","potentialAction":[{"@type":"ReadAction","target":["https:\/\/elcanillita.info\/press\/2020\/08\/04\/posible-extradicion-alex-saab-usa\/"]}]},{"@type":"ImageObject","inLanguage":"es-AR","@id":"https:\/\/elcanillita.info\/press\/2020\/08\/04\/posible-extradicion-alex-saab-usa\/#primaryimage","url":"https:\/\/elcanillita.info\/press\/images\/2020\/08\/palacio-justicia.jpg","contentUrl":"https:\/\/elcanillita.info\/press\/images\/2020\/08\/palacio-justicia.jpg","width":892,"height":501},{"@type":"WebSite","@id":"https:\/\/elcanillita.info\/press\/#website","url":"https:\/\/elcanillita.info\/press\/","name":"ElCanillita.Info","description":"desde los Apeninos a los Andes","publisher":{"@id":"https:\/\/elcanillita.info\/press\/#organization"},"potentialAction":[{"@type":"SearchAction","target":{"@type":"EntryPoint","urlTemplate":"https:\/\/elcanillita.info\/press\/?s={search_term_string}"},"query-input":{"@type":"PropertyValueSpecification","valueRequired":true,"valueName":"search_term_string"}}],"inLanguage":"es-AR"},{"@type":"Organization","@id":"https:\/\/elcanillita.info\/press\/#organization","name":"Guzzo Photos & Graphic Publications","url":"https:\/\/elcanillita.info\/press\/","logo":{"@type":"ImageObject","inLanguage":"es-AR","@id":"https:\/\/elcanillita.info\/press\/#\/schema\/logo\/image\/","url":"https:\/\/elcanillita.info\/press\/images\/2020\/01\/cropped-cropped-cropped-elcanillitainfo.png","contentUrl":"https:\/\/elcanillita.info\/press\/images\/2020\/01\/cropped-cropped-cropped-elcanillitainfo.png","width":460,"height":50,"caption":"Guzzo Photos & Graphic Publications"},"image":{"@id":"https:\/\/elcanillita.info\/press\/#\/schema\/logo\/image\/"},"sameAs":["https:\/\/ar-ar.facebook.com\/ElCanillitainfo-114249515285712\/"]},{"@type":"Person","@id":"https:\/\/elcanillita.info\/press\/#\/schema\/person\/7fcb79f38045700919f7da6d97e71ba0","name":"SalaStampa.eu, world press service","image":{"@type":"ImageObject","inLanguage":"es-AR","@id":"https:\/\/secure.gravatar.com\/avatar\/c2f0e0d515a107624234994507816ca4724c7199cef73fc8bedebf6931d73888?s=96&d=mm&r=g","url":"https:\/\/secure.gravatar.com\/avatar\/c2f0e0d515a107624234994507816ca4724c7199cef73fc8bedebf6931d73888?s=96&d=mm&r=g","contentUrl":"https:\/\/secure.gravatar.com\/avatar\/c2f0e0d515a107624234994507816ca4724c7199cef73fc8bedebf6931d73888?s=96&d=mm&r=g","caption":"SalaStampa.eu, world press service"}}]}},"views":767,"_links":{"self":[{"href":"https:\/\/elcanillita.info\/press\/wp-json\/wp\/v2\/posts\/1006","targetHints":{"allow":["GET"]}}],"collection":[{"href":"https:\/\/elcanillita.info\/press\/wp-json\/wp\/v2\/posts"}],"about":[{"href":"https:\/\/elcanillita.info\/press\/wp-json\/wp\/v2\/types\/post"}],"author":[{"embeddable":true,"href":"https:\/\/elcanillita.info\/press\/wp-json\/wp\/v2\/users\/1"}],"replies":[{"embeddable":true,"href":"https:\/\/elcanillita.info\/press\/wp-json\/wp\/v2\/comments?post=1006"}],"version-history":[{"count":0,"href":"https:\/\/elcanillita.info\/press\/wp-json\/wp\/v2\/posts\/1006\/revisions"}],"wp:featuredmedia":[{"embeddable":true,"href":"https:\/\/elcanillita.info\/press\/wp-json\/wp\/v2\/media\/1016"}],"wp:attachment":[{"href":"https:\/\/elcanillita.info\/press\/wp-json\/wp\/v2\/media?parent=1006"}],"wp:term":[{"taxonomy":"category","embeddable":true,"href":"https:\/\/elcanillita.info\/press\/wp-json\/wp\/v2\/categories?post=1006"},{"taxonomy":"post_tag","embeddable":true,"href":"https:\/\/elcanillita.info\/press\/wp-json\/wp\/v2\/tags?post=1006"}],"curies":[{"name":"wp","href":"https:\/\/api.w.org\/{rel}","templated":true}]}}