{"id":1004,"date":"2020-08-04T07:16:42","date_gmt":"2020-08-04T10:16:42","guid":{"rendered":"https:\/\/elcanillita.info\/press\/?p=1004"},"modified":"2020-08-04T08:03:41","modified_gmt":"2020-08-04T11:03:41","slug":"ministra-trabajo-justicia-cabo-verde-saab","status":"publish","type":"post","link":"https:\/\/elcanillita.info\/press\/2020\/08\/04\/ministra-trabajo-justicia-cabo-verde-saab\/","title":{"rendered":"La ministra de trabajo y justicia de Cabo Verde, reiter\u00f3 que su gobierno no se inmiscuir\u00e1 en el caso Saab"},"content":{"rendered":"\n<p>Voz de Am\u00e9rica &#8211; Redacci\u00f3n   <br> Janine L\u00e9lis, ministra de trabajo y justicia de Cabo Verde reiter\u00f3 el pasado 23 Julio que su gobierno no se  entremeter\u00e1  en el caso de Alex Saab, un empresario colombiano al servicio del gobierno de Venezuela que fue detenido en el pa\u00eds.<\/p>\n\n\n\n<p>\u201cCabo Verde tiene el deber de cooperar\u201d, afirm\u00f3 L\u00e9lis al ser cuestionada por periodistas, en la ciudad de Ribeira Grande de Santiago, sobre en el proceso judicial.<\/p>\n\n\n\n<p>Estados Unidos, que fue quien motiv\u00f3 su arresto v\u00eda Interpol, solicit\u00f3 la extradici\u00f3n de Saab, mientras que Venezuela exige su puesta en libertad.<\/p>\n\n\n\n<p>\u201cEste deber de cooperaci\u00f3n es m\u00e1s fuerte cuando se trata de asuntos ligados con cr\u00edmenes relacionados al tr\u00e1fico de droga y lavado de dinero\u201d, afirm\u00f3 L\u00e9lis, recordando que el gobierno respondi\u00f3 \u201ca una solicitud por colaboraci\u00f3n internacional y de all\u00ed el proceso sigui\u00f3 su curso judicial\u201d.<\/p>\n\n\n\n<p><strong>Alex Saab Propiedades Colombia<\/strong><\/p>\n\n\n\n<p>La Fiscal\u00eda de Colombia ocup\u00f3 bienes de \u00c1lex Saab por m\u00e1s de 9,6 millones de d\u00f3lares<br> Entre las propiedades confiscadas a Alex Saab se encuentra una mansio\u0301n de 3.740 metros cuadrados, avaluada preliminarmente en 28 mil millones de pesos; dos casas, un apartamento de 379 metros cuadrados y tres garajes.<\/p>\n\n\n\n<p>La ministra explic\u00f3 que el ejecutivo ha validado y apoyado una opini\u00f3n anterior de la Fiscal\u00eda que establece que, en situaciones as\u00ed, \u201cinforma al Gobierno si se cumplen las condiciones exigidas por la Constituci\u00f3n, si se cumplen los requisitos y, en funci\u00f3n de ello, se emite un dictamen\u201d.<\/p>\n\n\n\n<p>\u201cM\u00e1s all\u00e1 de eso no puedo decir porque no conozco los detalles de los tr\u00e1mites del proceso judicial\u201d, enfatiz\u00f3 Lelis, quien subray\u00f3 que Cabo Verde es un Estado de derecho y que corresponde a los tribunales decidir en funci\u00f3n de las pruebas y las leyes.<\/p>\n\n\n\n<p>\u201cEsa es la confianza que tenemos\u201d, recalc\u00f3 la ministra, agregando que \u201clo que decida el tribunal ser\u00e1 el fallo final sobre el asunto\u201d.<br><br><strong> El proceso<\/strong><br>Como la Voz de Am\u00e9rica ha reportado previamente, Alex Saab fue arrestado el 12 de junio en la isla de Sal, mientras iba camino a Ir\u00e1n en una misi\u00f3n al servicio del gobierno en disputa de Venezuela, que le considera un \u201cenviado especial\u201d.<\/p>\n\n\n\n<p>Despu\u00e9s de que el Tribunal del Distrito de Sal legalizara su arresto, fue llevado a San Vicente, donde el Tribunal de Apelaciones de Barlovento, la segunda instancia, valid\u00f3 el arresto e inici\u00f3 el proceso judicial.<\/p>\n\n\n\n<p>Tal como el abogado defensor Pinto Monteiro explic\u00f3 previamente a VOA, el gobierno, a trav\u00e9s del Ministerio de Justicia y Trabajo, autoriz\u00f3 el procedimiento de la solicitud del proceso de extradici\u00f3n.<\/p>\n\n\n\n<p>El 3 de julio, Saab fue transferido a la isla de Sal por razones de seguridad.<\/p>\n\n\n\n<p>EE.UU. reclama la autoridad para enjuiciar a Saab alegando que \u00e9l y un socio, Enrique Pulido, usaron bancos estadounidense para depositar unos 350 millones de d\u00f3lares que fueron defraudados a trav\u00e9s del sistema de control cambiario de Venezuela.<\/p>\n\n\n\n<p>El gobierno de Venezuela envi\u00f3 a su embajador ante Cabo Verde, Alejandro Correa, al archipi\u00e9lago con un equipo de abogados. La administraci\u00f3n en disputa argumenta que Saab es un \u201cenviado especial\u201d de Caracas y que estaba a su servicio al viajar a Ir\u00e1n para obtener productos para el pa\u00eds.<\/p>\n\n\n\n<p>El gobierno en disputa de Nicol\u00e1s Maduro considera el arresto ilegal y exige la liberaci\u00f3n del empresario.<br><br>\n<small>\u00a9 2020 SalaStampa.Eu  afiliada a USAGM \/ BBG<\/small><\/p>\n","protected":false},"excerpt":{"rendered":"<p> Janine L\u00e9lis, ministra de trabajo y justicia de Cabo Verde reiter\u00f3 el pasado 23 Julio que su gobierno no se  entremeter\u00e1  en el caso de Alex Saab, un empresario colombiano al servicio del gobierno de Venezuela que fue detenido en el pa\u00eds.<\/p>\n","protected":false},"author":1,"featured_media":1011,"comment_status":"closed","ping_status":"closed","sticky":false,"template":"","format":"standard","meta":{"footnotes":"","_links_to":"","_links_to_target":""},"categories":[70,14,22,25],"tags":[],"class_list":["post-1004","post","type-post","status-publish","format-standard","has-post-thumbnail","hentry","category-actualidad","category-africa","category-justicia","category-sociedad","entry","double"],"yoast_head":"<!-- This site is optimized with the Yoast SEO plugin v27.4 - https:\/\/yoast.com\/product\/yoast-seo-wordpress\/ -->\n<title>La ministra de trabajo y justicia de Cabo Verde, reiter\u00f3 que su gobierno no se inmiscuir\u00e1 en el caso Saab - ElCanillita.Info<\/title>\n<meta name=\"robots\" content=\"index, follow, max-snippet:-1, max-image-preview:large, max-video-preview:-1\" \/>\n<link rel=\"canonical\" href=\"https:\/\/elcanillita.info\/press\/2020\/08\/04\/ministra-trabajo-justicia-cabo-verde-saab\/\" \/>\n<meta property=\"og:locale\" content=\"es_ES\" \/>\n<meta property=\"og:type\" content=\"article\" \/>\n<meta property=\"og:title\" content=\"La ministra de trabajo y justicia de Cabo Verde, reiter\u00f3 que su gobierno no se inmiscuir\u00e1 en el caso Saab - ElCanillita.Info\" \/>\n<meta property=\"og:description\" content=\"Janine L\u00e9lis, ministra de trabajo y justicia de Cabo Verde reiter\u00f3 el pasado 23 Julio que su gobierno no se entremeter\u00e1 en el caso de Alex Saab, un empresario colombiano al servicio del gobierno de Venezuela que fue detenido en el pa\u00eds.\" \/>\n<meta property=\"og:url\" content=\"https:\/\/elcanillita.info\/press\/2020\/08\/04\/ministra-trabajo-justicia-cabo-verde-saab\/\" \/>\n<meta property=\"og:site_name\" content=\"ElCanillita.Info\" \/>\n<meta property=\"article:publisher\" content=\"https:\/\/ar-ar.facebook.com\/ElCanillitainfo-114249515285712\/\" \/>\n<meta property=\"article:published_time\" content=\"2020-08-04T10:16:42+00:00\" \/>\n<meta property=\"article:modified_time\" content=\"2020-08-04T11:03:41+00:00\" \/>\n<meta property=\"og:image\" content=\"https:\/\/elcanillita.info\/press\/images\/2020\/08\/ministra.jpg\" \/>\n\t<meta property=\"og:image:width\" content=\"547\" \/>\n\t<meta property=\"og:image:height\" content=\"500\" \/>\n\t<meta property=\"og:image:type\" content=\"image\/jpeg\" \/>\n<meta name=\"author\" content=\"SalaStampa.eu, world press service\" \/>\n<meta name=\"twitter:card\" content=\"summary_large_image\" \/>\n<meta name=\"twitter:label1\" content=\"Escrito por\" \/>\n\t<meta name=\"twitter:data1\" content=\"SalaStampa.eu, world press service\" \/>\n\t<meta name=\"twitter:label2\" content=\"Tiempo de lectura\" \/>\n\t<meta name=\"twitter:data2\" content=\"3 minutos\" \/>\n<script type=\"application\/ld+json\" class=\"yoast-schema-graph\">{\"@context\":\"https:\\\/\\\/schema.org\",\"@graph\":[{\"@type\":\"Article\",\"@id\":\"https:\\\/\\\/elcanillita.info\\\/press\\\/2020\\\/08\\\/04\\\/ministra-trabajo-justicia-cabo-verde-saab\\\/#article\",\"isPartOf\":{\"@id\":\"https:\\\/\\\/elcanillita.info\\\/press\\\/2020\\\/08\\\/04\\\/ministra-trabajo-justicia-cabo-verde-saab\\\/\"},\"author\":{\"name\":\"SalaStampa.eu, world press service\",\"@id\":\"https:\\\/\\\/elcanillita.info\\\/press\\\/#\\\/schema\\\/person\\\/7fcb79f38045700919f7da6d97e71ba0\"},\"headline\":\"La ministra de trabajo y justicia de Cabo Verde, reiter\u00f3 que su gobierno no se inmiscuir\u00e1 en el caso Saab\",\"datePublished\":\"2020-08-04T10:16:42+00:00\",\"dateModified\":\"2020-08-04T11:03:41+00:00\",\"mainEntityOfPage\":{\"@id\":\"https:\\\/\\\/elcanillita.info\\\/press\\\/2020\\\/08\\\/04\\\/ministra-trabajo-justicia-cabo-verde-saab\\\/\"},\"wordCount\":601,\"publisher\":{\"@id\":\"https:\\\/\\\/elcanillita.info\\\/press\\\/#organization\"},\"image\":{\"@id\":\"https:\\\/\\\/elcanillita.info\\\/press\\\/2020\\\/08\\\/04\\\/ministra-trabajo-justicia-cabo-verde-saab\\\/#primaryimage\"},\"thumbnailUrl\":\"https:\\\/\\\/elcanillita.info\\\/press\\\/images\\\/2020\\\/08\\\/ministra.jpg\",\"articleSection\":[\"Actualidad\",\"Africa\",\"Justicia\",\"Sociedad\"],\"inLanguage\":\"es-AR\"},{\"@type\":\"WebPage\",\"@id\":\"https:\\\/\\\/elcanillita.info\\\/press\\\/2020\\\/08\\\/04\\\/ministra-trabajo-justicia-cabo-verde-saab\\\/\",\"url\":\"https:\\\/\\\/elcanillita.info\\\/press\\\/2020\\\/08\\\/04\\\/ministra-trabajo-justicia-cabo-verde-saab\\\/\",\"name\":\"La ministra de trabajo y justicia de Cabo Verde, reiter\u00f3 que su gobierno no se inmiscuir\u00e1 en el caso Saab - ElCanillita.Info\",\"isPartOf\":{\"@id\":\"https:\\\/\\\/elcanillita.info\\\/press\\\/#website\"},\"primaryImageOfPage\":{\"@id\":\"https:\\\/\\\/elcanillita.info\\\/press\\\/2020\\\/08\\\/04\\\/ministra-trabajo-justicia-cabo-verde-saab\\\/#primaryimage\"},\"image\":{\"@id\":\"https:\\\/\\\/elcanillita.info\\\/press\\\/2020\\\/08\\\/04\\\/ministra-trabajo-justicia-cabo-verde-saab\\\/#primaryimage\"},\"thumbnailUrl\":\"https:\\\/\\\/elcanillita.info\\\/press\\\/images\\\/2020\\\/08\\\/ministra.jpg\",\"datePublished\":\"2020-08-04T10:16:42+00:00\",\"dateModified\":\"2020-08-04T11:03:41+00:00\",\"inLanguage\":\"es-AR\",\"potentialAction\":[{\"@type\":\"ReadAction\",\"target\":[\"https:\\\/\\\/elcanillita.info\\\/press\\\/2020\\\/08\\\/04\\\/ministra-trabajo-justicia-cabo-verde-saab\\\/\"]}]},{\"@type\":\"ImageObject\",\"inLanguage\":\"es-AR\",\"@id\":\"https:\\\/\\\/elcanillita.info\\\/press\\\/2020\\\/08\\\/04\\\/ministra-trabajo-justicia-cabo-verde-saab\\\/#primaryimage\",\"url\":\"https:\\\/\\\/elcanillita.info\\\/press\\\/images\\\/2020\\\/08\\\/ministra.jpg\",\"contentUrl\":\"https:\\\/\\\/elcanillita.info\\\/press\\\/images\\\/2020\\\/08\\\/ministra.jpg\",\"width\":547,\"height\":500},{\"@type\":\"WebSite\",\"@id\":\"https:\\\/\\\/elcanillita.info\\\/press\\\/#website\",\"url\":\"https:\\\/\\\/elcanillita.info\\\/press\\\/\",\"name\":\"ElCanillita.Info\",\"description\":\"desde los Apeninos a los Andes\",\"publisher\":{\"@id\":\"https:\\\/\\\/elcanillita.info\\\/press\\\/#organization\"},\"potentialAction\":[{\"@type\":\"SearchAction\",\"target\":{\"@type\":\"EntryPoint\",\"urlTemplate\":\"https:\\\/\\\/elcanillita.info\\\/press\\\/?s={search_term_string}\"},\"query-input\":{\"@type\":\"PropertyValueSpecification\",\"valueRequired\":true,\"valueName\":\"search_term_string\"}}],\"inLanguage\":\"es-AR\"},{\"@type\":\"Organization\",\"@id\":\"https:\\\/\\\/elcanillita.info\\\/press\\\/#organization\",\"name\":\"Guzzo Photos & Graphic Publications\",\"url\":\"https:\\\/\\\/elcanillita.info\\\/press\\\/\",\"logo\":{\"@type\":\"ImageObject\",\"inLanguage\":\"es-AR\",\"@id\":\"https:\\\/\\\/elcanillita.info\\\/press\\\/#\\\/schema\\\/logo\\\/image\\\/\",\"url\":\"https:\\\/\\\/elcanillita.info\\\/press\\\/images\\\/2020\\\/01\\\/cropped-cropped-cropped-elcanillitainfo.png\",\"contentUrl\":\"https:\\\/\\\/elcanillita.info\\\/press\\\/images\\\/2020\\\/01\\\/cropped-cropped-cropped-elcanillitainfo.png\",\"width\":460,\"height\":50,\"caption\":\"Guzzo Photos & Graphic Publications\"},\"image\":{\"@id\":\"https:\\\/\\\/elcanillita.info\\\/press\\\/#\\\/schema\\\/logo\\\/image\\\/\"},\"sameAs\":[\"https:\\\/\\\/ar-ar.facebook.com\\\/ElCanillitainfo-114249515285712\\\/\"]},{\"@type\":\"Person\",\"@id\":\"https:\\\/\\\/elcanillita.info\\\/press\\\/#\\\/schema\\\/person\\\/7fcb79f38045700919f7da6d97e71ba0\",\"name\":\"SalaStampa.eu, world press service\",\"image\":{\"@type\":\"ImageObject\",\"inLanguage\":\"es-AR\",\"@id\":\"https:\\\/\\\/secure.gravatar.com\\\/avatar\\\/c2f0e0d515a107624234994507816ca4724c7199cef73fc8bedebf6931d73888?s=96&d=mm&r=g\",\"url\":\"https:\\\/\\\/secure.gravatar.com\\\/avatar\\\/c2f0e0d515a107624234994507816ca4724c7199cef73fc8bedebf6931d73888?s=96&d=mm&r=g\",\"contentUrl\":\"https:\\\/\\\/secure.gravatar.com\\\/avatar\\\/c2f0e0d515a107624234994507816ca4724c7199cef73fc8bedebf6931d73888?s=96&d=mm&r=g\",\"caption\":\"SalaStampa.eu, world press service\"}}]}<\/script>\n<!-- \/ Yoast SEO plugin. -->","yoast_head_json":{"title":"La ministra de trabajo y justicia de Cabo Verde, reiter\u00f3 que su gobierno no se inmiscuir\u00e1 en el caso Saab - ElCanillita.Info","robots":{"index":"index","follow":"follow","max-snippet":"max-snippet:-1","max-image-preview":"max-image-preview:large","max-video-preview":"max-video-preview:-1"},"canonical":"https:\/\/elcanillita.info\/press\/2020\/08\/04\/ministra-trabajo-justicia-cabo-verde-saab\/","og_locale":"es_ES","og_type":"article","og_title":"La ministra de trabajo y justicia de Cabo Verde, reiter\u00f3 que su gobierno no se inmiscuir\u00e1 en el caso Saab - ElCanillita.Info","og_description":"Janine L\u00e9lis, ministra de trabajo y justicia de Cabo Verde reiter\u00f3 el pasado 23 Julio que su gobierno no se entremeter\u00e1 en el caso de Alex Saab, un empresario colombiano al servicio del gobierno de Venezuela que fue detenido en el pa\u00eds.","og_url":"https:\/\/elcanillita.info\/press\/2020\/08\/04\/ministra-trabajo-justicia-cabo-verde-saab\/","og_site_name":"ElCanillita.Info","article_publisher":"https:\/\/ar-ar.facebook.com\/ElCanillitainfo-114249515285712\/","article_published_time":"2020-08-04T10:16:42+00:00","article_modified_time":"2020-08-04T11:03:41+00:00","og_image":[{"width":547,"height":500,"url":"https:\/\/elcanillita.info\/press\/images\/2020\/08\/ministra.jpg","type":"image\/jpeg"}],"author":"SalaStampa.eu, world press service","twitter_card":"summary_large_image","twitter_misc":{"Escrito por":"SalaStampa.eu, world press service","Tiempo de lectura":"3 minutos"},"schema":{"@context":"https:\/\/schema.org","@graph":[{"@type":"Article","@id":"https:\/\/elcanillita.info\/press\/2020\/08\/04\/ministra-trabajo-justicia-cabo-verde-saab\/#article","isPartOf":{"@id":"https:\/\/elcanillita.info\/press\/2020\/08\/04\/ministra-trabajo-justicia-cabo-verde-saab\/"},"author":{"name":"SalaStampa.eu, world press service","@id":"https:\/\/elcanillita.info\/press\/#\/schema\/person\/7fcb79f38045700919f7da6d97e71ba0"},"headline":"La ministra de trabajo y justicia de Cabo Verde, reiter\u00f3 que su gobierno no se inmiscuir\u00e1 en el caso Saab","datePublished":"2020-08-04T10:16:42+00:00","dateModified":"2020-08-04T11:03:41+00:00","mainEntityOfPage":{"@id":"https:\/\/elcanillita.info\/press\/2020\/08\/04\/ministra-trabajo-justicia-cabo-verde-saab\/"},"wordCount":601,"publisher":{"@id":"https:\/\/elcanillita.info\/press\/#organization"},"image":{"@id":"https:\/\/elcanillita.info\/press\/2020\/08\/04\/ministra-trabajo-justicia-cabo-verde-saab\/#primaryimage"},"thumbnailUrl":"https:\/\/elcanillita.info\/press\/images\/2020\/08\/ministra.jpg","articleSection":["Actualidad","Africa","Justicia","Sociedad"],"inLanguage":"es-AR"},{"@type":"WebPage","@id":"https:\/\/elcanillita.info\/press\/2020\/08\/04\/ministra-trabajo-justicia-cabo-verde-saab\/","url":"https:\/\/elcanillita.info\/press\/2020\/08\/04\/ministra-trabajo-justicia-cabo-verde-saab\/","name":"La ministra de trabajo y justicia de Cabo Verde, reiter\u00f3 que su gobierno no se inmiscuir\u00e1 en el caso Saab - ElCanillita.Info","isPartOf":{"@id":"https:\/\/elcanillita.info\/press\/#website"},"primaryImageOfPage":{"@id":"https:\/\/elcanillita.info\/press\/2020\/08\/04\/ministra-trabajo-justicia-cabo-verde-saab\/#primaryimage"},"image":{"@id":"https:\/\/elcanillita.info\/press\/2020\/08\/04\/ministra-trabajo-justicia-cabo-verde-saab\/#primaryimage"},"thumbnailUrl":"https:\/\/elcanillita.info\/press\/images\/2020\/08\/ministra.jpg","datePublished":"2020-08-04T10:16:42+00:00","dateModified":"2020-08-04T11:03:41+00:00","inLanguage":"es-AR","potentialAction":[{"@type":"ReadAction","target":["https:\/\/elcanillita.info\/press\/2020\/08\/04\/ministra-trabajo-justicia-cabo-verde-saab\/"]}]},{"@type":"ImageObject","inLanguage":"es-AR","@id":"https:\/\/elcanillita.info\/press\/2020\/08\/04\/ministra-trabajo-justicia-cabo-verde-saab\/#primaryimage","url":"https:\/\/elcanillita.info\/press\/images\/2020\/08\/ministra.jpg","contentUrl":"https:\/\/elcanillita.info\/press\/images\/2020\/08\/ministra.jpg","width":547,"height":500},{"@type":"WebSite","@id":"https:\/\/elcanillita.info\/press\/#website","url":"https:\/\/elcanillita.info\/press\/","name":"ElCanillita.Info","description":"desde los Apeninos a los Andes","publisher":{"@id":"https:\/\/elcanillita.info\/press\/#organization"},"potentialAction":[{"@type":"SearchAction","target":{"@type":"EntryPoint","urlTemplate":"https:\/\/elcanillita.info\/press\/?s={search_term_string}"},"query-input":{"@type":"PropertyValueSpecification","valueRequired":true,"valueName":"search_term_string"}}],"inLanguage":"es-AR"},{"@type":"Organization","@id":"https:\/\/elcanillita.info\/press\/#organization","name":"Guzzo Photos & Graphic Publications","url":"https:\/\/elcanillita.info\/press\/","logo":{"@type":"ImageObject","inLanguage":"es-AR","@id":"https:\/\/elcanillita.info\/press\/#\/schema\/logo\/image\/","url":"https:\/\/elcanillita.info\/press\/images\/2020\/01\/cropped-cropped-cropped-elcanillitainfo.png","contentUrl":"https:\/\/elcanillita.info\/press\/images\/2020\/01\/cropped-cropped-cropped-elcanillitainfo.png","width":460,"height":50,"caption":"Guzzo Photos & Graphic Publications"},"image":{"@id":"https:\/\/elcanillita.info\/press\/#\/schema\/logo\/image\/"},"sameAs":["https:\/\/ar-ar.facebook.com\/ElCanillitainfo-114249515285712\/"]},{"@type":"Person","@id":"https:\/\/elcanillita.info\/press\/#\/schema\/person\/7fcb79f38045700919f7da6d97e71ba0","name":"SalaStampa.eu, world press service","image":{"@type":"ImageObject","inLanguage":"es-AR","@id":"https:\/\/secure.gravatar.com\/avatar\/c2f0e0d515a107624234994507816ca4724c7199cef73fc8bedebf6931d73888?s=96&d=mm&r=g","url":"https:\/\/secure.gravatar.com\/avatar\/c2f0e0d515a107624234994507816ca4724c7199cef73fc8bedebf6931d73888?s=96&d=mm&r=g","contentUrl":"https:\/\/secure.gravatar.com\/avatar\/c2f0e0d515a107624234994507816ca4724c7199cef73fc8bedebf6931d73888?s=96&d=mm&r=g","caption":"SalaStampa.eu, world press service"}}]}},"views":724,"_links":{"self":[{"href":"https:\/\/elcanillita.info\/press\/wp-json\/wp\/v2\/posts\/1004","targetHints":{"allow":["GET"]}}],"collection":[{"href":"https:\/\/elcanillita.info\/press\/wp-json\/wp\/v2\/posts"}],"about":[{"href":"https:\/\/elcanillita.info\/press\/wp-json\/wp\/v2\/types\/post"}],"author":[{"embeddable":true,"href":"https:\/\/elcanillita.info\/press\/wp-json\/wp\/v2\/users\/1"}],"replies":[{"embeddable":true,"href":"https:\/\/elcanillita.info\/press\/wp-json\/wp\/v2\/comments?post=1004"}],"version-history":[{"count":0,"href":"https:\/\/elcanillita.info\/press\/wp-json\/wp\/v2\/posts\/1004\/revisions"}],"wp:featuredmedia":[{"embeddable":true,"href":"https:\/\/elcanillita.info\/press\/wp-json\/wp\/v2\/media\/1011"}],"wp:attachment":[{"href":"https:\/\/elcanillita.info\/press\/wp-json\/wp\/v2\/media?parent=1004"}],"wp:term":[{"taxonomy":"category","embeddable":true,"href":"https:\/\/elcanillita.info\/press\/wp-json\/wp\/v2\/categories?post=1004"},{"taxonomy":"post_tag","embeddable":true,"href":"https:\/\/elcanillita.info\/press\/wp-json\/wp\/v2\/tags?post=1004"}],"curies":[{"name":"wp","href":"https:\/\/api.w.org\/{rel}","templated":true}]}}