{"id":100,"date":"2020-01-13T18:19:17","date_gmt":"2020-01-13T21:19:17","guid":{"rendered":"https:\/\/elcanillita.info\/press\/?p=100"},"modified":"2020-01-17T07:55:44","modified_gmt":"2020-01-17T10:55:44","slug":"estadounidenses-iranies-reaccionan-a-protestas-en-iran","status":"publish","type":"post","link":"https:\/\/elcanillita.info\/press\/2020\/01\/13\/estadounidenses-iranies-reaccionan-a-protestas-en-iran\/","title":{"rendered":"Estadounidenses iran\u00edes reaccionan a protestas en Ir\u00e1n"},"content":{"rendered":"\n<p>Washington, 13.01.2020 &#8211; Ciudadanos iran\u00edes estadounidenses est\u00e1n observando de cerca la situaci\u00f3n en su pa\u00eds de origen mientras contin\u00faan las protestas en Teher\u00e1n despu\u00e9s que el ej\u00e9rcito iran\u00ed admiti\u00f3 el s\u00e1bado que derrib\u00f3 por error un avi\u00f3n civil ucraniano, matando a los 176 a bordo.<\/p>\n\n\n\n<p>Muchos estadounidenses iran\u00edes han salido a las calles para expresar su apoyo al pueblo iran\u00ed y sus demandas en las protestas en curso en Ir\u00e1n.<\/p>\n\n\n\n<p>El domingo, docenas de activistas iran\u00edes-estadounidenses se reunieron en Washington, D.C. para honrar a las v\u00edctimas del accidente a\u00e9reo ucraniano y mostrar su apoyo a sus compatriotas que, seg\u00fan los informes, se han enfrentado a una represi\u00f3n violenta del gobierno contra las recientes protestas.<\/p>\n\n\n\n<p>&#8220;Estoy aqu\u00ed para apoyar al pueblo iran\u00ed [y] ser su voz&#8221;, dijo Monir, una iran\u00ed-estadounidense, que solo dio su primer nombre.<\/p>\n\n\n\n<p>&#8220;Si vas a las calles [en Ir\u00e1n], puedes ser encarcelado, puedes ser asesinado en las calles y estas personas son muy valientes&#8221;, dijo mientras estaba parada con una multitud en el centro de Washington.<br> Framarz Zafi, otro estadounidense iran\u00ed que asisti\u00f3 a la reuni\u00f3n de Washington, dijo que si bien apreciaba el apoyo de Estados Unidos a los manifestantes en Ir\u00e1n, no quer\u00eda una confrontaci\u00f3n militar entre Washington y Teher\u00e1n.<\/p>\n\n\n\n<p>&#8220;Es bueno que el presidente Trump [est\u00e9] tuiteando en farsi, pero queremos decirle que no queremos la guerra&#8221;, dijo Zafi a VOA.<\/p>\n\n\n\n<p>&#8220;La gente de Ir\u00e1n no quiere la guerra. Ya han sufrido lo suficiente&#8221;, dijo.<\/p>\n\n\n\n<p>Se espera que la comunidad iran\u00ed-estadounidense realice m\u00e1s actividades en otras ciudades de EE.UU.<\/p>\n\n\n\n<p>Seg\u00fan la encuesta de la Oficina del Censo de EE.UU. de 2018, hay m\u00e1s de 450.000 personas de origen iran\u00ed que viven en Estados Unidos.<\/p>\n\n\n\n<p>Activistas de la comunidad iran\u00ed-estadounidense dijeron que han estado observando cada vez m\u00e1s los acontecimientos luego de las recientes tensiones entre Estados Unidos e Ir\u00e1n, que siguieron a la muerte del principal general iran\u00ed Qassem Soleimani en un ataque a\u00e9reo estadounidense en Bagdad.<\/p>\n\n\n\n<p>&#8220;Constantemente reviso las noticias y estoy en contacto con varias personas tanto en Ir\u00e1n como en la comunidad de la di\u00e1spora iran\u00ed&#8221;, dijo Cklara Moradian, una activista iran\u00ed-estadounidense con sede en Los \u00c1ngeles.<\/p>\n\n\n\n<p>&#8220;Uno de los principales puntos de discusi\u00f3n ha sido esta idea de querer apoyar al movimiento de protesta iran\u00ed contra el r\u00e9gimen isl\u00e1mico en Ir\u00e1n y al mismo tiempo no tocar los tambores de la guerra&#8221;, dijo a VOA en una entrevista telef\u00f3nica.<br><br> Evoluci\u00f3n de las demandas<\/p>\n\n\n\n<p>Algunos activistas dijeron que las demandas de los manifestantes iran\u00edes han evolucionado a lo largo de los a\u00f1os desde reformas b\u00e1sicas hasta cambios de r\u00e9gimen.<\/p>\n\n\n\n<p>&#8220;Si escuchas a la gente en las calles de Teher\u00e1n y otras ciudades iran\u00edes, est\u00e1 claro que la gente est\u00e1 harta de este r\u00e9gimen&#8221;, dijo Ahmad Batebi, un activista de derechos humanos con sede en Washington, que fue encarcelado en Ir\u00e1n por su papel en un movimiento de protesta estudiantil en 1999.<\/p>\n\n\n\n<p>&#8220;En el Ir\u00e1n de hoy, hay dos gobiernos&#8221;, dijo a VOA. &#8220;Uno es&nbsp;solo una fachada, representada por personas como [el presidente iran\u00ed Hassan] Rouhani y [el ministro de Relaciones Exteriores Javad] Zarif&#8221;.<\/p>\n\n\n\n<p>El otro es el gobierno que trabaja en la sombra y tiene un poder real representado por el L\u00edder Supremo y el Cuerpo de la Guardia Revolucionaria Isl\u00e1mica (IRGC), dijo Batebi.<br>En abril de 2019, el gobierno de EE.UU. se\u00f1al\u00f3 al IRGC como una organizaci\u00f3n terrorista.<\/p>\n\n\n\n<p>Administraci\u00f3n Trump reitera sin detalles que Soleimani planeaba atacar embajadas.<br><br>Sadegh Amiri, otro activista iran\u00ed-estadounidense que vive en Annapolis, Maryland, dijo que su objetivo es aumentar la conciencia entre el p\u00fablico estadounidense sobre lo que realmente ha estado sucediendo en Ir\u00e1n&#8221;.<\/p>\n\n\n\n<p>&#8220;Nos comunicamos con los legisladores locales [en Maryland] y la gente com\u00fan para decirles que Ir\u00e1n no es lo que ven en la televisi\u00f3n&#8221;, dijo.<\/p>\n\n\n\n<p>&#8220;Nos gustar\u00eda que la gente en Estados Unidos entienda (que) los iran\u00edes desean vivir en libertad, y que este r\u00e9gimen actual en Teher\u00e1n no los representa&#8221;, dijo a VOA.<\/p>\n\n\n\n<p>Ali Afshari, de Iranian for Secularism and Democracy, un grupo con sede en Estados Unidos, dice que los estadounidenses iran\u00edes podr\u00edan ser efectivos de dos maneras en respuesta a los \u00faltimos eventos en Ir\u00e1n.<\/p>\n\n\n\n<p>&#8220;Primero, en la di\u00e1spora, necesitamos amplificar las voces de los manifestantes en el terreno&#8221;, dijo a VOA, y agreg\u00f3 que &#8220;necesitamos empoderar a las personas para que puedan sostener sus demandas contra el r\u00e9gimen iran\u00ed&#8221;.<\/p>\n\n\n\n<p>&#8220;En segundo lugar, debemos ser m\u00e1s activos en t\u00e9rminos de llegar a los legisladores y legisladores en Washington. Los estadounidenses iran\u00edes tienen la responsabilidad hist\u00f3rica de transmitir informaci\u00f3n precisa y hechos del interior de Ir\u00e1n a las personas en Estados Unidos&#8221;, agreg\u00f3 Afshari.<\/p>\n\n\n\n<p>Trump tuitea apoyo a manifestantes iran\u00edes en farsi: &#8220;Nos inspira su valent\u00eda&#8221;<br> Divisiones<br>Los analistas dicen que hay muchas diferencias entre los estadounidenses iran\u00edes que reflejan su diversidad pol\u00edtica, \u00e9tnica y cultural.<\/p>\n\n\n\n<p>Shahed Alavi, un analista pol\u00edtico iran\u00ed con sede en Washington, dice que cuando se trata de la actitud hacia el gobierno iran\u00ed, hay tres tipos de personas dentro de la comunidad iran\u00ed estadounidense.<\/p>\n\n\n\n<p>&#8220;Hay quienes apoyan plenamente un cambio de r\u00e9gimen en Teher\u00e1n y esperan que este movimiento de protesta en curso se convierta en algo m\u00e1s grande&#8221;, dijo. &#8220;Hay otros que creen que los iran\u00edes tienen derecho a protestar, pero no creen que Estados Unidos deba interferir en los asuntos iran\u00edes&#8221;.<\/p>\n\n\n\n<p>Sin embargo, agreg\u00f3, &#8220;la mayor\u00eda silenciosa de la comunidad iran\u00ed en Estados Unidos se niega a involucrarse o incluso a opinar sobre lo que est\u00e1 sucediendo en Ir\u00e1n, porque visitan Ir\u00e1n y todav\u00eda tienen parientes all\u00ed&#8221;.<\/p>\n\n\n\n<p>Reporte de &nbsp;Sirwan Kajjo,&nbsp;Cindy Saine y Saqib Ul Islam.  <br><br><small>2020 voanoticias \u2013 salastampa.eu, afiliada a la red Broadcasting Board of Governors \u00a9 2020 BBG<\/small><\/p>\n","protected":false},"excerpt":{"rendered":"<p>Washington, 13.01.2020 &#8211;<br \/>\nMuchos estadounidenses iran\u00edes han salido a las calles para expresar su apoyo al pueblo iran\u00ed y sus demandas en las protestas en curso en Ir\u00e1n.<\/p>\n","protected":false},"author":1,"featured_media":0,"comment_status":"closed","ping_status":"closed","sticky":false,"template":"","format":"standard","meta":{"footnotes":"","_links_to":"","_links_to_target":""},"categories":[9,23,25],"tags":[34],"class_list":["post-100","post","type-post","status-publish","format-standard","hentry","category-america-del-norte","category-politica","category-sociedad","tag-estados-unidos","entry","double"],"yoast_head":"<!-- This site is optimized with the Yoast SEO plugin v27.4 - https:\/\/yoast.com\/product\/yoast-seo-wordpress\/ -->\n<title>Estadounidenses iran\u00edes reaccionan a protestas en Ir\u00e1n - ElCanillita.Info<\/title>\n<meta name=\"robots\" content=\"index, follow, max-snippet:-1, max-image-preview:large, max-video-preview:-1\" \/>\n<link rel=\"canonical\" href=\"https:\/\/elcanillita.info\/press\/2020\/01\/13\/estadounidenses-iranies-reaccionan-a-protestas-en-iran\/\" \/>\n<meta property=\"og:locale\" content=\"es_ES\" \/>\n<meta property=\"og:type\" content=\"article\" \/>\n<meta property=\"og:title\" content=\"Estadounidenses iran\u00edes reaccionan a protestas en Ir\u00e1n - ElCanillita.Info\" \/>\n<meta property=\"og:description\" content=\"Washington, 13.01.2020 - Muchos estadounidenses iran\u00edes han salido a las calles para expresar su apoyo al pueblo iran\u00ed y sus demandas en las protestas en curso en Ir\u00e1n.\" \/>\n<meta property=\"og:url\" content=\"https:\/\/elcanillita.info\/press\/2020\/01\/13\/estadounidenses-iranies-reaccionan-a-protestas-en-iran\/\" \/>\n<meta property=\"og:site_name\" content=\"ElCanillita.Info\" \/>\n<meta property=\"article:publisher\" content=\"https:\/\/ar-ar.facebook.com\/ElCanillitainfo-114249515285712\/\" \/>\n<meta property=\"article:published_time\" content=\"2020-01-13T21:19:17+00:00\" \/>\n<meta property=\"article:modified_time\" content=\"2020-01-17T10:55:44+00:00\" \/>\n<meta name=\"author\" content=\"SalaStampa.eu, world press service\" \/>\n<meta name=\"twitter:card\" content=\"summary_large_image\" \/>\n<meta name=\"twitter:label1\" content=\"Escrito por\" \/>\n\t<meta name=\"twitter:data1\" content=\"SalaStampa.eu, world press service\" \/>\n\t<meta name=\"twitter:label2\" content=\"Tiempo de lectura\" \/>\n\t<meta name=\"twitter:data2\" content=\"5 minutos\" \/>\n<script type=\"application\/ld+json\" class=\"yoast-schema-graph\">{\"@context\":\"https:\\\/\\\/schema.org\",\"@graph\":[{\"@type\":\"Article\",\"@id\":\"https:\\\/\\\/elcanillita.info\\\/press\\\/2020\\\/01\\\/13\\\/estadounidenses-iranies-reaccionan-a-protestas-en-iran\\\/#article\",\"isPartOf\":{\"@id\":\"https:\\\/\\\/elcanillita.info\\\/press\\\/2020\\\/01\\\/13\\\/estadounidenses-iranies-reaccionan-a-protestas-en-iran\\\/\"},\"author\":{\"name\":\"SalaStampa.eu, world press service\",\"@id\":\"https:\\\/\\\/elcanillita.info\\\/press\\\/#\\\/schema\\\/person\\\/7fcb79f38045700919f7da6d97e71ba0\"},\"headline\":\"Estadounidenses iran\u00edes reaccionan a protestas en Ir\u00e1n\",\"datePublished\":\"2020-01-13T21:19:17+00:00\",\"dateModified\":\"2020-01-17T10:55:44+00:00\",\"mainEntityOfPage\":{\"@id\":\"https:\\\/\\\/elcanillita.info\\\/press\\\/2020\\\/01\\\/13\\\/estadounidenses-iranies-reaccionan-a-protestas-en-iran\\\/\"},\"wordCount\":1038,\"publisher\":{\"@id\":\"https:\\\/\\\/elcanillita.info\\\/press\\\/#organization\"},\"keywords\":[\"Estados Unidos\"],\"articleSection\":[\"Am\u00e9rica del Norte\",\"Politica\",\"Sociedad\"],\"inLanguage\":\"es-AR\"},{\"@type\":\"WebPage\",\"@id\":\"https:\\\/\\\/elcanillita.info\\\/press\\\/2020\\\/01\\\/13\\\/estadounidenses-iranies-reaccionan-a-protestas-en-iran\\\/\",\"url\":\"https:\\\/\\\/elcanillita.info\\\/press\\\/2020\\\/01\\\/13\\\/estadounidenses-iranies-reaccionan-a-protestas-en-iran\\\/\",\"name\":\"Estadounidenses iran\u00edes reaccionan a protestas en Ir\u00e1n - ElCanillita.Info\",\"isPartOf\":{\"@id\":\"https:\\\/\\\/elcanillita.info\\\/press\\\/#website\"},\"datePublished\":\"2020-01-13T21:19:17+00:00\",\"dateModified\":\"2020-01-17T10:55:44+00:00\",\"inLanguage\":\"es-AR\",\"potentialAction\":[{\"@type\":\"ReadAction\",\"target\":[\"https:\\\/\\\/elcanillita.info\\\/press\\\/2020\\\/01\\\/13\\\/estadounidenses-iranies-reaccionan-a-protestas-en-iran\\\/\"]}]},{\"@type\":\"WebSite\",\"@id\":\"https:\\\/\\\/elcanillita.info\\\/press\\\/#website\",\"url\":\"https:\\\/\\\/elcanillita.info\\\/press\\\/\",\"name\":\"ElCanillita.Info\",\"description\":\"desde los Apeninos a los Andes\",\"publisher\":{\"@id\":\"https:\\\/\\\/elcanillita.info\\\/press\\\/#organization\"},\"potentialAction\":[{\"@type\":\"SearchAction\",\"target\":{\"@type\":\"EntryPoint\",\"urlTemplate\":\"https:\\\/\\\/elcanillita.info\\\/press\\\/?s={search_term_string}\"},\"query-input\":{\"@type\":\"PropertyValueSpecification\",\"valueRequired\":true,\"valueName\":\"search_term_string\"}}],\"inLanguage\":\"es-AR\"},{\"@type\":\"Organization\",\"@id\":\"https:\\\/\\\/elcanillita.info\\\/press\\\/#organization\",\"name\":\"Guzzo Photos & Graphic Publications\",\"url\":\"https:\\\/\\\/elcanillita.info\\\/press\\\/\",\"logo\":{\"@type\":\"ImageObject\",\"inLanguage\":\"es-AR\",\"@id\":\"https:\\\/\\\/elcanillita.info\\\/press\\\/#\\\/schema\\\/logo\\\/image\\\/\",\"url\":\"https:\\\/\\\/elcanillita.info\\\/press\\\/images\\\/2020\\\/01\\\/cropped-cropped-cropped-elcanillitainfo.png\",\"contentUrl\":\"https:\\\/\\\/elcanillita.info\\\/press\\\/images\\\/2020\\\/01\\\/cropped-cropped-cropped-elcanillitainfo.png\",\"width\":460,\"height\":50,\"caption\":\"Guzzo Photos & Graphic Publications\"},\"image\":{\"@id\":\"https:\\\/\\\/elcanillita.info\\\/press\\\/#\\\/schema\\\/logo\\\/image\\\/\"},\"sameAs\":[\"https:\\\/\\\/ar-ar.facebook.com\\\/ElCanillitainfo-114249515285712\\\/\"]},{\"@type\":\"Person\",\"@id\":\"https:\\\/\\\/elcanillita.info\\\/press\\\/#\\\/schema\\\/person\\\/7fcb79f38045700919f7da6d97e71ba0\",\"name\":\"SalaStampa.eu, world press service\",\"image\":{\"@type\":\"ImageObject\",\"inLanguage\":\"es-AR\",\"@id\":\"https:\\\/\\\/secure.gravatar.com\\\/avatar\\\/c2f0e0d515a107624234994507816ca4724c7199cef73fc8bedebf6931d73888?s=96&d=mm&r=g\",\"url\":\"https:\\\/\\\/secure.gravatar.com\\\/avatar\\\/c2f0e0d515a107624234994507816ca4724c7199cef73fc8bedebf6931d73888?s=96&d=mm&r=g\",\"contentUrl\":\"https:\\\/\\\/secure.gravatar.com\\\/avatar\\\/c2f0e0d515a107624234994507816ca4724c7199cef73fc8bedebf6931d73888?s=96&d=mm&r=g\",\"caption\":\"SalaStampa.eu, world press service\"}}]}<\/script>\n<!-- \/ Yoast SEO plugin. -->","yoast_head_json":{"title":"Estadounidenses iran\u00edes reaccionan a protestas en Ir\u00e1n - ElCanillita.Info","robots":{"index":"index","follow":"follow","max-snippet":"max-snippet:-1","max-image-preview":"max-image-preview:large","max-video-preview":"max-video-preview:-1"},"canonical":"https:\/\/elcanillita.info\/press\/2020\/01\/13\/estadounidenses-iranies-reaccionan-a-protestas-en-iran\/","og_locale":"es_ES","og_type":"article","og_title":"Estadounidenses iran\u00edes reaccionan a protestas en Ir\u00e1n - ElCanillita.Info","og_description":"Washington, 13.01.2020 - Muchos estadounidenses iran\u00edes han salido a las calles para expresar su apoyo al pueblo iran\u00ed y sus demandas en las protestas en curso en Ir\u00e1n.","og_url":"https:\/\/elcanillita.info\/press\/2020\/01\/13\/estadounidenses-iranies-reaccionan-a-protestas-en-iran\/","og_site_name":"ElCanillita.Info","article_publisher":"https:\/\/ar-ar.facebook.com\/ElCanillitainfo-114249515285712\/","article_published_time":"2020-01-13T21:19:17+00:00","article_modified_time":"2020-01-17T10:55:44+00:00","author":"SalaStampa.eu, world press service","twitter_card":"summary_large_image","twitter_misc":{"Escrito por":"SalaStampa.eu, world press service","Tiempo de lectura":"5 minutos"},"schema":{"@context":"https:\/\/schema.org","@graph":[{"@type":"Article","@id":"https:\/\/elcanillita.info\/press\/2020\/01\/13\/estadounidenses-iranies-reaccionan-a-protestas-en-iran\/#article","isPartOf":{"@id":"https:\/\/elcanillita.info\/press\/2020\/01\/13\/estadounidenses-iranies-reaccionan-a-protestas-en-iran\/"},"author":{"name":"SalaStampa.eu, world press service","@id":"https:\/\/elcanillita.info\/press\/#\/schema\/person\/7fcb79f38045700919f7da6d97e71ba0"},"headline":"Estadounidenses iran\u00edes reaccionan a protestas en Ir\u00e1n","datePublished":"2020-01-13T21:19:17+00:00","dateModified":"2020-01-17T10:55:44+00:00","mainEntityOfPage":{"@id":"https:\/\/elcanillita.info\/press\/2020\/01\/13\/estadounidenses-iranies-reaccionan-a-protestas-en-iran\/"},"wordCount":1038,"publisher":{"@id":"https:\/\/elcanillita.info\/press\/#organization"},"keywords":["Estados Unidos"],"articleSection":["Am\u00e9rica del Norte","Politica","Sociedad"],"inLanguage":"es-AR"},{"@type":"WebPage","@id":"https:\/\/elcanillita.info\/press\/2020\/01\/13\/estadounidenses-iranies-reaccionan-a-protestas-en-iran\/","url":"https:\/\/elcanillita.info\/press\/2020\/01\/13\/estadounidenses-iranies-reaccionan-a-protestas-en-iran\/","name":"Estadounidenses iran\u00edes reaccionan a protestas en Ir\u00e1n - ElCanillita.Info","isPartOf":{"@id":"https:\/\/elcanillita.info\/press\/#website"},"datePublished":"2020-01-13T21:19:17+00:00","dateModified":"2020-01-17T10:55:44+00:00","inLanguage":"es-AR","potentialAction":[{"@type":"ReadAction","target":["https:\/\/elcanillita.info\/press\/2020\/01\/13\/estadounidenses-iranies-reaccionan-a-protestas-en-iran\/"]}]},{"@type":"WebSite","@id":"https:\/\/elcanillita.info\/press\/#website","url":"https:\/\/elcanillita.info\/press\/","name":"ElCanillita.Info","description":"desde los Apeninos a los Andes","publisher":{"@id":"https:\/\/elcanillita.info\/press\/#organization"},"potentialAction":[{"@type":"SearchAction","target":{"@type":"EntryPoint","urlTemplate":"https:\/\/elcanillita.info\/press\/?s={search_term_string}"},"query-input":{"@type":"PropertyValueSpecification","valueRequired":true,"valueName":"search_term_string"}}],"inLanguage":"es-AR"},{"@type":"Organization","@id":"https:\/\/elcanillita.info\/press\/#organization","name":"Guzzo Photos & Graphic Publications","url":"https:\/\/elcanillita.info\/press\/","logo":{"@type":"ImageObject","inLanguage":"es-AR","@id":"https:\/\/elcanillita.info\/press\/#\/schema\/logo\/image\/","url":"https:\/\/elcanillita.info\/press\/images\/2020\/01\/cropped-cropped-cropped-elcanillitainfo.png","contentUrl":"https:\/\/elcanillita.info\/press\/images\/2020\/01\/cropped-cropped-cropped-elcanillitainfo.png","width":460,"height":50,"caption":"Guzzo Photos & Graphic Publications"},"image":{"@id":"https:\/\/elcanillita.info\/press\/#\/schema\/logo\/image\/"},"sameAs":["https:\/\/ar-ar.facebook.com\/ElCanillitainfo-114249515285712\/"]},{"@type":"Person","@id":"https:\/\/elcanillita.info\/press\/#\/schema\/person\/7fcb79f38045700919f7da6d97e71ba0","name":"SalaStampa.eu, world press service","image":{"@type":"ImageObject","inLanguage":"es-AR","@id":"https:\/\/secure.gravatar.com\/avatar\/c2f0e0d515a107624234994507816ca4724c7199cef73fc8bedebf6931d73888?s=96&d=mm&r=g","url":"https:\/\/secure.gravatar.com\/avatar\/c2f0e0d515a107624234994507816ca4724c7199cef73fc8bedebf6931d73888?s=96&d=mm&r=g","contentUrl":"https:\/\/secure.gravatar.com\/avatar\/c2f0e0d515a107624234994507816ca4724c7199cef73fc8bedebf6931d73888?s=96&d=mm&r=g","caption":"SalaStampa.eu, world press service"}}]}},"views":756,"_links":{"self":[{"href":"https:\/\/elcanillita.info\/press\/wp-json\/wp\/v2\/posts\/100","targetHints":{"allow":["GET"]}}],"collection":[{"href":"https:\/\/elcanillita.info\/press\/wp-json\/wp\/v2\/posts"}],"about":[{"href":"https:\/\/elcanillita.info\/press\/wp-json\/wp\/v2\/types\/post"}],"author":[{"embeddable":true,"href":"https:\/\/elcanillita.info\/press\/wp-json\/wp\/v2\/users\/1"}],"replies":[{"embeddable":true,"href":"https:\/\/elcanillita.info\/press\/wp-json\/wp\/v2\/comments?post=100"}],"version-history":[{"count":0,"href":"https:\/\/elcanillita.info\/press\/wp-json\/wp\/v2\/posts\/100\/revisions"}],"wp:attachment":[{"href":"https:\/\/elcanillita.info\/press\/wp-json\/wp\/v2\/media?parent=100"}],"wp:term":[{"taxonomy":"category","embeddable":true,"href":"https:\/\/elcanillita.info\/press\/wp-json\/wp\/v2\/categories?post=100"},{"taxonomy":"post_tag","embeddable":true,"href":"https:\/\/elcanillita.info\/press\/wp-json\/wp\/v2\/tags?post=100"}],"curies":[{"name":"wp","href":"https:\/\/api.w.org\/{rel}","templated":true}]}}