{"id":1,"date":"2020-01-06T14:42:51","date_gmt":"2020-01-06T17:42:51","guid":{"rendered":"https:\/\/elcanillita.info\/press\/?p=1"},"modified":"2022-10-30T20:04:08","modified_gmt":"2022-10-30T23:04:08","slug":"diputado-edwin-rodriguez-pide-investigacion","status":"publish","type":"post","link":"https:\/\/elcanillita.info\/press\/2020\/01\/06\/diputado-edwin-rodriguez-pide-investigacion\/","title":{"rendered":"Diputado de Unidad Dem\u00f3crata (UD), Edwin Rodr\u00edguez"},"content":{"rendered":"\n<p>La Paz, 6.01.2020 &#8211; El diputado de Unidad Dem\u00f3crata (UD), Edwin Rodr\u00edguez, pidi\u00f3 el lunes al Parlamento Europeo abrir una investigaci\u00f3n sobre el financiamiento que reciben l\u00edderes socialistas de Espa\u00f1a, entre ellos, Pedro S\u00e1nchez y Pablo Iglesias.<\/p>\n\n\n\n<p>&#8220;Hemos enviado una carta al Parlamento Europeo pidiendo la investigaci\u00f3n a trav\u00e9s de una comisi\u00f3n especial sobre los recursos econ\u00f3micos mal habidos que son financiados a gobiernos populistas o socialistas, entre ellos Pedro S\u00e1nchez&#8221;, dijo a los periodistas.<\/p>\n\n\n\n<p>La anterior semana, autoridades del Gobierno y eurodiputados acodaron investigar al partido espa\u00f1ol Podemos y a pol\u00edticos como Pablo Iglesias, Juan Carlos Monedero, Jos\u00e9 Luis Rodr\u00edguez Zapatero, \u00cd\u00f1igo Errej\u00f3n y Baltasar Garz\u00f3n por supuestos pagos recibidos por el Movimiento Al Socialismo (MAS) liderado por el expresidente boliviano Evo Morales.<\/p>\n\n\n\n<p>Una de las acusaciones m\u00e1s grave es que hay indicios que dinero del narcotr\u00e1fico fue desviado para financiar a l\u00edderes socialistas de Espa\u00f1a.<\/p>\n\n\n\n<p>Legisladores bolivianos, del oficialismo y la oposici\u00f3n, analizan la formaci\u00f3n de una comisi\u00f3n de investigaci\u00f3n para identificar los v\u00ednculos de Morales con Podemos.<\/p>\n\n\n\n<p>&#8220;Es necesario que se investigue sobre todo el origen de los recursos econ\u00f3micos&#8221;, apunt\u00f3 el diputado de UD.<\/p>\n\n\n\n<p>Rodr\u00edguez tambi\u00e9n dijo que remiti\u00f3 una carta a la representante del Congreso de los Diputados de Espa\u00f1a, Meritxell Batet, en la que le hace conocer que el pueblo boliviano espera que el presidente espa\u00f1ol Pedro S\u00e1nchez pida disculpas por la actuaci\u00f3n irregular de miembros del Grupo Especial de Operaciones (GEO) en La Paz.<\/p>\n\n\n\n<p>&#8220;El se\u00f1or Pedro S\u00e1nchez debe pedir disculpas p\u00fablicas y por escrito para que los bolivianos estemos pr\u00e1cticamente satisfechos. De lo contrario, por supuesto que el parlamento de Espa\u00f1a debiera censurar aquello&#8221;, se\u00f1al\u00f3.<\/p>\n\n\n\n<p>Un grupo de funcionarios diplom\u00e1ticos de Espa\u00f1a y M\u00e9xico fueron declarados personas no gratas por Bolivia ante indicios de que intentaron burlar a la Polic\u00eda boliviana para ayudar a salir del pa\u00eds a colaboradores del expresidente Morales acusados por sedici\u00f3n, terrorismo y alzamiento armado, entre otros delitos.<br> <br> <small>ABI &#8211; SalaStampa.Eu , afiliada a la red  Broadcasting Board of Governors \u00a9 2020 BBG<\/small> <\/p>\n","protected":false},"excerpt":{"rendered":"<p>La Paz, 6.01.2020 &#8211; El diputado de Unidad Dem\u00f3crata (UD), Edwin Rodr\u00edguez, pidi\u00f3 el lunes al Parlamento Europeo abrir una investigaci\u00f3n sobre el financiamiento que reciben l\u00edderes socialistas de Espa\u00f1a, entre ellos, Pedro S\u00e1nchez y Pablo Iglesias.<\/p>\n","protected":false},"author":1,"featured_media":8,"comment_status":"closed","ping_status":"closed","sticky":false,"template":"","format":"standard","meta":{"footnotes":"","_links_to":"","_links_to_target":""},"categories":[11,23],"tags":[30],"class_list":["post-1","post","type-post","status-publish","format-standard","has-post-thumbnail","hentry","category-america-del-sur","category-politica","tag-bolivia","entry","double"],"yoast_head":"<!-- This site is optimized with the Yoast SEO plugin v27.4 - https:\/\/yoast.com\/product\/yoast-seo-wordpress\/ -->\n<title>Diputado de Unidad Dem\u00f3crata (UD), Edwin Rodr\u00edguez - ElCanillita.Info<\/title>\n<meta name=\"robots\" content=\"index, follow, max-snippet:-1, max-image-preview:large, max-video-preview:-1\" \/>\n<link rel=\"canonical\" href=\"https:\/\/elcanillita.info\/press\/2020\/01\/06\/diputado-edwin-rodriguez-pide-investigacion\/\" \/>\n<meta property=\"og:locale\" content=\"es_ES\" \/>\n<meta property=\"og:type\" content=\"article\" \/>\n<meta property=\"og:title\" content=\"Diputado de Unidad Dem\u00f3crata (UD), Edwin Rodr\u00edguez - ElCanillita.Info\" \/>\n<meta property=\"og:description\" content=\"La Paz, 6.01.2020 - El diputado de Unidad Dem\u00f3crata (UD), Edwin Rodr\u00edguez, pidi\u00f3 el lunes al Parlamento Europeo abrir una investigaci\u00f3n sobre el financiamiento que reciben l\u00edderes socialistas de Espa\u00f1a, entre ellos, Pedro S\u00e1nchez y Pablo Iglesias.\" \/>\n<meta property=\"og:url\" content=\"https:\/\/elcanillita.info\/press\/2020\/01\/06\/diputado-edwin-rodriguez-pide-investigacion\/\" \/>\n<meta property=\"og:site_name\" content=\"ElCanillita.Info\" \/>\n<meta property=\"article:publisher\" content=\"https:\/\/ar-ar.facebook.com\/ElCanillitainfo-114249515285712\/\" \/>\n<meta property=\"article:published_time\" content=\"2020-01-06T17:42:51+00:00\" \/>\n<meta property=\"article:modified_time\" content=\"2022-10-30T23:04:08+00:00\" \/>\n<meta property=\"og:image\" content=\"https:\/\/elcanillita.info\/press\/images\/2020\/01\/edwin-rodr\u00edguez.jpg\" \/>\n\t<meta property=\"og:image:width\" content=\"890\" \/>\n\t<meta property=\"og:image:height\" content=\"687\" \/>\n\t<meta property=\"og:image:type\" content=\"image\/jpeg\" \/>\n<meta name=\"author\" content=\"SalaStampa.eu, world press service\" \/>\n<meta name=\"twitter:card\" content=\"summary_large_image\" \/>\n<meta name=\"twitter:label1\" content=\"Escrito por\" \/>\n\t<meta name=\"twitter:data1\" content=\"SalaStampa.eu, world press service\" \/>\n\t<meta name=\"twitter:label2\" content=\"Tiempo de lectura\" \/>\n\t<meta name=\"twitter:data2\" content=\"2 minutos\" \/>\n<script type=\"application\/ld+json\" class=\"yoast-schema-graph\">{\"@context\":\"https:\\\/\\\/schema.org\",\"@graph\":[{\"@type\":\"Article\",\"@id\":\"https:\\\/\\\/elcanillita.info\\\/press\\\/2020\\\/01\\\/06\\\/diputado-edwin-rodriguez-pide-investigacion\\\/#article\",\"isPartOf\":{\"@id\":\"https:\\\/\\\/elcanillita.info\\\/press\\\/2020\\\/01\\\/06\\\/diputado-edwin-rodriguez-pide-investigacion\\\/\"},\"author\":{\"name\":\"SalaStampa.eu, world press service\",\"@id\":\"https:\\\/\\\/elcanillita.info\\\/press\\\/#\\\/schema\\\/person\\\/7fcb79f38045700919f7da6d97e71ba0\"},\"headline\":\"Diputado de Unidad Dem\u00f3crata (UD), Edwin Rodr\u00edguez\",\"datePublished\":\"2020-01-06T17:42:51+00:00\",\"dateModified\":\"2022-10-30T23:04:08+00:00\",\"mainEntityOfPage\":{\"@id\":\"https:\\\/\\\/elcanillita.info\\\/press\\\/2020\\\/01\\\/06\\\/diputado-edwin-rodriguez-pide-investigacion\\\/\"},\"wordCount\":385,\"publisher\":{\"@id\":\"https:\\\/\\\/elcanillita.info\\\/press\\\/#organization\"},\"image\":{\"@id\":\"https:\\\/\\\/elcanillita.info\\\/press\\\/2020\\\/01\\\/06\\\/diputado-edwin-rodriguez-pide-investigacion\\\/#primaryimage\"},\"thumbnailUrl\":\"https:\\\/\\\/elcanillita.info\\\/press\\\/images\\\/2020\\\/01\\\/edwin-rodr\u00edguez.jpg\",\"keywords\":[\"Bolivia\"],\"articleSection\":[\"Am\u00e9rica del Sur\",\"Politica\"],\"inLanguage\":\"es-AR\"},{\"@type\":\"WebPage\",\"@id\":\"https:\\\/\\\/elcanillita.info\\\/press\\\/2020\\\/01\\\/06\\\/diputado-edwin-rodriguez-pide-investigacion\\\/\",\"url\":\"https:\\\/\\\/elcanillita.info\\\/press\\\/2020\\\/01\\\/06\\\/diputado-edwin-rodriguez-pide-investigacion\\\/\",\"name\":\"Diputado de Unidad Dem\u00f3crata (UD), Edwin Rodr\u00edguez - ElCanillita.Info\",\"isPartOf\":{\"@id\":\"https:\\\/\\\/elcanillita.info\\\/press\\\/#website\"},\"primaryImageOfPage\":{\"@id\":\"https:\\\/\\\/elcanillita.info\\\/press\\\/2020\\\/01\\\/06\\\/diputado-edwin-rodriguez-pide-investigacion\\\/#primaryimage\"},\"image\":{\"@id\":\"https:\\\/\\\/elcanillita.info\\\/press\\\/2020\\\/01\\\/06\\\/diputado-edwin-rodriguez-pide-investigacion\\\/#primaryimage\"},\"thumbnailUrl\":\"https:\\\/\\\/elcanillita.info\\\/press\\\/images\\\/2020\\\/01\\\/edwin-rodr\u00edguez.jpg\",\"datePublished\":\"2020-01-06T17:42:51+00:00\",\"dateModified\":\"2022-10-30T23:04:08+00:00\",\"inLanguage\":\"es-AR\",\"potentialAction\":[{\"@type\":\"ReadAction\",\"target\":[\"https:\\\/\\\/elcanillita.info\\\/press\\\/2020\\\/01\\\/06\\\/diputado-edwin-rodriguez-pide-investigacion\\\/\"]}]},{\"@type\":\"ImageObject\",\"inLanguage\":\"es-AR\",\"@id\":\"https:\\\/\\\/elcanillita.info\\\/press\\\/2020\\\/01\\\/06\\\/diputado-edwin-rodriguez-pide-investigacion\\\/#primaryimage\",\"url\":\"https:\\\/\\\/elcanillita.info\\\/press\\\/images\\\/2020\\\/01\\\/edwin-rodr\u00edguez.jpg\",\"contentUrl\":\"https:\\\/\\\/elcanillita.info\\\/press\\\/images\\\/2020\\\/01\\\/edwin-rodr\u00edguez.jpg\",\"width\":890,\"height\":687,\"caption\":\"Edwin Rodr\u00edguez\"},{\"@type\":\"WebSite\",\"@id\":\"https:\\\/\\\/elcanillita.info\\\/press\\\/#website\",\"url\":\"https:\\\/\\\/elcanillita.info\\\/press\\\/\",\"name\":\"ElCanillita.Info\",\"description\":\"desde los Apeninos a los Andes\",\"publisher\":{\"@id\":\"https:\\\/\\\/elcanillita.info\\\/press\\\/#organization\"},\"potentialAction\":[{\"@type\":\"SearchAction\",\"target\":{\"@type\":\"EntryPoint\",\"urlTemplate\":\"https:\\\/\\\/elcanillita.info\\\/press\\\/?s={search_term_string}\"},\"query-input\":{\"@type\":\"PropertyValueSpecification\",\"valueRequired\":true,\"valueName\":\"search_term_string\"}}],\"inLanguage\":\"es-AR\"},{\"@type\":\"Organization\",\"@id\":\"https:\\\/\\\/elcanillita.info\\\/press\\\/#organization\",\"name\":\"Guzzo Photos & Graphic Publications\",\"url\":\"https:\\\/\\\/elcanillita.info\\\/press\\\/\",\"logo\":{\"@type\":\"ImageObject\",\"inLanguage\":\"es-AR\",\"@id\":\"https:\\\/\\\/elcanillita.info\\\/press\\\/#\\\/schema\\\/logo\\\/image\\\/\",\"url\":\"https:\\\/\\\/elcanillita.info\\\/press\\\/images\\\/2020\\\/01\\\/cropped-cropped-cropped-elcanillitainfo.png\",\"contentUrl\":\"https:\\\/\\\/elcanillita.info\\\/press\\\/images\\\/2020\\\/01\\\/cropped-cropped-cropped-elcanillitainfo.png\",\"width\":460,\"height\":50,\"caption\":\"Guzzo Photos & Graphic Publications\"},\"image\":{\"@id\":\"https:\\\/\\\/elcanillita.info\\\/press\\\/#\\\/schema\\\/logo\\\/image\\\/\"},\"sameAs\":[\"https:\\\/\\\/ar-ar.facebook.com\\\/ElCanillitainfo-114249515285712\\\/\"]},{\"@type\":\"Person\",\"@id\":\"https:\\\/\\\/elcanillita.info\\\/press\\\/#\\\/schema\\\/person\\\/7fcb79f38045700919f7da6d97e71ba0\",\"name\":\"SalaStampa.eu, world press service\",\"image\":{\"@type\":\"ImageObject\",\"inLanguage\":\"es-AR\",\"@id\":\"https:\\\/\\\/secure.gravatar.com\\\/avatar\\\/c2f0e0d515a107624234994507816ca4724c7199cef73fc8bedebf6931d73888?s=96&d=mm&r=g\",\"url\":\"https:\\\/\\\/secure.gravatar.com\\\/avatar\\\/c2f0e0d515a107624234994507816ca4724c7199cef73fc8bedebf6931d73888?s=96&d=mm&r=g\",\"contentUrl\":\"https:\\\/\\\/secure.gravatar.com\\\/avatar\\\/c2f0e0d515a107624234994507816ca4724c7199cef73fc8bedebf6931d73888?s=96&d=mm&r=g\",\"caption\":\"SalaStampa.eu, world press service\"}}]}<\/script>\n<!-- \/ Yoast SEO plugin. -->","yoast_head_json":{"title":"Diputado de Unidad Dem\u00f3crata (UD), Edwin Rodr\u00edguez - ElCanillita.Info","robots":{"index":"index","follow":"follow","max-snippet":"max-snippet:-1","max-image-preview":"max-image-preview:large","max-video-preview":"max-video-preview:-1"},"canonical":"https:\/\/elcanillita.info\/press\/2020\/01\/06\/diputado-edwin-rodriguez-pide-investigacion\/","og_locale":"es_ES","og_type":"article","og_title":"Diputado de Unidad Dem\u00f3crata (UD), Edwin Rodr\u00edguez - ElCanillita.Info","og_description":"La Paz, 6.01.2020 - El diputado de Unidad Dem\u00f3crata (UD), Edwin Rodr\u00edguez, pidi\u00f3 el lunes al Parlamento Europeo abrir una investigaci\u00f3n sobre el financiamiento que reciben l\u00edderes socialistas de Espa\u00f1a, entre ellos, Pedro S\u00e1nchez y Pablo Iglesias.","og_url":"https:\/\/elcanillita.info\/press\/2020\/01\/06\/diputado-edwin-rodriguez-pide-investigacion\/","og_site_name":"ElCanillita.Info","article_publisher":"https:\/\/ar-ar.facebook.com\/ElCanillitainfo-114249515285712\/","article_published_time":"2020-01-06T17:42:51+00:00","article_modified_time":"2022-10-30T23:04:08+00:00","og_image":[{"width":890,"height":687,"url":"https:\/\/elcanillita.info\/press\/images\/2020\/01\/edwin-rodr\u00edguez.jpg","type":"image\/jpeg"}],"author":"SalaStampa.eu, world press service","twitter_card":"summary_large_image","twitter_misc":{"Escrito por":"SalaStampa.eu, world press service","Tiempo de lectura":"2 minutos"},"schema":{"@context":"https:\/\/schema.org","@graph":[{"@type":"Article","@id":"https:\/\/elcanillita.info\/press\/2020\/01\/06\/diputado-edwin-rodriguez-pide-investigacion\/#article","isPartOf":{"@id":"https:\/\/elcanillita.info\/press\/2020\/01\/06\/diputado-edwin-rodriguez-pide-investigacion\/"},"author":{"name":"SalaStampa.eu, world press service","@id":"https:\/\/elcanillita.info\/press\/#\/schema\/person\/7fcb79f38045700919f7da6d97e71ba0"},"headline":"Diputado de Unidad Dem\u00f3crata (UD), Edwin Rodr\u00edguez","datePublished":"2020-01-06T17:42:51+00:00","dateModified":"2022-10-30T23:04:08+00:00","mainEntityOfPage":{"@id":"https:\/\/elcanillita.info\/press\/2020\/01\/06\/diputado-edwin-rodriguez-pide-investigacion\/"},"wordCount":385,"publisher":{"@id":"https:\/\/elcanillita.info\/press\/#organization"},"image":{"@id":"https:\/\/elcanillita.info\/press\/2020\/01\/06\/diputado-edwin-rodriguez-pide-investigacion\/#primaryimage"},"thumbnailUrl":"https:\/\/elcanillita.info\/press\/images\/2020\/01\/edwin-rodr\u00edguez.jpg","keywords":["Bolivia"],"articleSection":["Am\u00e9rica del Sur","Politica"],"inLanguage":"es-AR"},{"@type":"WebPage","@id":"https:\/\/elcanillita.info\/press\/2020\/01\/06\/diputado-edwin-rodriguez-pide-investigacion\/","url":"https:\/\/elcanillita.info\/press\/2020\/01\/06\/diputado-edwin-rodriguez-pide-investigacion\/","name":"Diputado de Unidad Dem\u00f3crata (UD), Edwin Rodr\u00edguez - ElCanillita.Info","isPartOf":{"@id":"https:\/\/elcanillita.info\/press\/#website"},"primaryImageOfPage":{"@id":"https:\/\/elcanillita.info\/press\/2020\/01\/06\/diputado-edwin-rodriguez-pide-investigacion\/#primaryimage"},"image":{"@id":"https:\/\/elcanillita.info\/press\/2020\/01\/06\/diputado-edwin-rodriguez-pide-investigacion\/#primaryimage"},"thumbnailUrl":"https:\/\/elcanillita.info\/press\/images\/2020\/01\/edwin-rodr\u00edguez.jpg","datePublished":"2020-01-06T17:42:51+00:00","dateModified":"2022-10-30T23:04:08+00:00","inLanguage":"es-AR","potentialAction":[{"@type":"ReadAction","target":["https:\/\/elcanillita.info\/press\/2020\/01\/06\/diputado-edwin-rodriguez-pide-investigacion\/"]}]},{"@type":"ImageObject","inLanguage":"es-AR","@id":"https:\/\/elcanillita.info\/press\/2020\/01\/06\/diputado-edwin-rodriguez-pide-investigacion\/#primaryimage","url":"https:\/\/elcanillita.info\/press\/images\/2020\/01\/edwin-rodr\u00edguez.jpg","contentUrl":"https:\/\/elcanillita.info\/press\/images\/2020\/01\/edwin-rodr\u00edguez.jpg","width":890,"height":687,"caption":"Edwin Rodr\u00edguez"},{"@type":"WebSite","@id":"https:\/\/elcanillita.info\/press\/#website","url":"https:\/\/elcanillita.info\/press\/","name":"ElCanillita.Info","description":"desde los Apeninos a los Andes","publisher":{"@id":"https:\/\/elcanillita.info\/press\/#organization"},"potentialAction":[{"@type":"SearchAction","target":{"@type":"EntryPoint","urlTemplate":"https:\/\/elcanillita.info\/press\/?s={search_term_string}"},"query-input":{"@type":"PropertyValueSpecification","valueRequired":true,"valueName":"search_term_string"}}],"inLanguage":"es-AR"},{"@type":"Organization","@id":"https:\/\/elcanillita.info\/press\/#organization","name":"Guzzo Photos & Graphic Publications","url":"https:\/\/elcanillita.info\/press\/","logo":{"@type":"ImageObject","inLanguage":"es-AR","@id":"https:\/\/elcanillita.info\/press\/#\/schema\/logo\/image\/","url":"https:\/\/elcanillita.info\/press\/images\/2020\/01\/cropped-cropped-cropped-elcanillitainfo.png","contentUrl":"https:\/\/elcanillita.info\/press\/images\/2020\/01\/cropped-cropped-cropped-elcanillitainfo.png","width":460,"height":50,"caption":"Guzzo Photos & Graphic Publications"},"image":{"@id":"https:\/\/elcanillita.info\/press\/#\/schema\/logo\/image\/"},"sameAs":["https:\/\/ar-ar.facebook.com\/ElCanillitainfo-114249515285712\/"]},{"@type":"Person","@id":"https:\/\/elcanillita.info\/press\/#\/schema\/person\/7fcb79f38045700919f7da6d97e71ba0","name":"SalaStampa.eu, world press service","image":{"@type":"ImageObject","inLanguage":"es-AR","@id":"https:\/\/secure.gravatar.com\/avatar\/c2f0e0d515a107624234994507816ca4724c7199cef73fc8bedebf6931d73888?s=96&d=mm&r=g","url":"https:\/\/secure.gravatar.com\/avatar\/c2f0e0d515a107624234994507816ca4724c7199cef73fc8bedebf6931d73888?s=96&d=mm&r=g","contentUrl":"https:\/\/secure.gravatar.com\/avatar\/c2f0e0d515a107624234994507816ca4724c7199cef73fc8bedebf6931d73888?s=96&d=mm&r=g","caption":"SalaStampa.eu, world press service"}}]}},"views":824,"_links":{"self":[{"href":"https:\/\/elcanillita.info\/press\/wp-json\/wp\/v2\/posts\/1","targetHints":{"allow":["GET"]}}],"collection":[{"href":"https:\/\/elcanillita.info\/press\/wp-json\/wp\/v2\/posts"}],"about":[{"href":"https:\/\/elcanillita.info\/press\/wp-json\/wp\/v2\/types\/post"}],"author":[{"embeddable":true,"href":"https:\/\/elcanillita.info\/press\/wp-json\/wp\/v2\/users\/1"}],"replies":[{"embeddable":true,"href":"https:\/\/elcanillita.info\/press\/wp-json\/wp\/v2\/comments?post=1"}],"version-history":[{"count":0,"href":"https:\/\/elcanillita.info\/press\/wp-json\/wp\/v2\/posts\/1\/revisions"}],"wp:featuredmedia":[{"embeddable":true,"href":"https:\/\/elcanillita.info\/press\/wp-json\/wp\/v2\/media\/8"}],"wp:attachment":[{"href":"https:\/\/elcanillita.info\/press\/wp-json\/wp\/v2\/media?parent=1"}],"wp:term":[{"taxonomy":"category","embeddable":true,"href":"https:\/\/elcanillita.info\/press\/wp-json\/wp\/v2\/categories?post=1"},{"taxonomy":"post_tag","embeddable":true,"href":"https:\/\/elcanillita.info\/press\/wp-json\/wp\/v2\/tags?post=1"}],"curies":[{"name":"wp","href":"https:\/\/api.w.org\/{rel}","templated":true}]}}